{"id":83793,"date":"2018-08-14T10:43:41","date_gmt":"2018-08-14T08:43:41","guid":{"rendered":"http:\/\/wordpress.p532894.webspaceconfig.de\/?p=83793"},"modified":"2020-07-17T01:30:52","modified_gmt":"2020-07-16T23:30:52","slug":"herzensangelegenheit-scm-getec-verlangert-vertrage","status":"publish","type":"post","link":"https:\/\/www.getec.de\/de\/herzensangelegenheit-scm-getec-verlangert-vertrage\/","title":{"rendered":"Herzensangelegenheit SCM: GETEC verl\u00e4ngert Vertr\u00e4ge"},"content":{"rendered":"<div class=\"wpb-content-wrapper\"><p>[vc_row row_height_percent=&#8220;0&#8243; overlay_alpha=&#8220;50&#8243; gutter_size=&#8220;3&#8243; column_width_percent=&#8220;100&#8243; shift_y=&#8220;0&#8243; z_index=&#8220;10&#8243; enable_bottom_divider=&#8220;default&#8220; bottom_divider=&#8220;tilt&#8220; shape_bottom_h_use_pixel=&#8220;&#8220; shape_bottom_height=&#8220;150&#8243; shape_bottom_color=&#8220;color-xsdn&#8220; shape_bottom_opacity=&#8220;100&#8243; shape_bottom_index=&#8220;0&#8243; css=&#8220;.vc_custom_1594942249533{margin-top: -150px !important;}&#8220; shape_dividers=&#8220;&#8220;][vc_column width=&#8220;1\/1&#8243;][\/vc_column][\/vc_row][vc_row row_height_percent=&#8220;0&#8243; back_color=&#8220;color-xsdn&#8220; overlay_alpha=&#8220;50&#8243; gutter_size=&#8220;3&#8243; column_width_percent=&#8220;100&#8243; shift_y=&#8220;0&#8243; z_index=&#8220;10&#8243; bottom_divider=&#8220;tilt&#8220;][vc_column width=&#8220;1\/1&#8243;][\/vc_column][\/vc_row][vc_row][vc_column column_width_percent=&#8220;100&#8243; gutter_size=&#8220;3&#8243; overlay_alpha=&#8220;50&#8243; shift_x=&#8220;0&#8243; shift_y=&#8220;0&#8243; shift_y_down=&#8220;0&#8243; z_index=&#8220;0&#8243; medium_width=&#8220;0&#8243; mobile_width=&#8220;0&#8243; width=&#8220;1\/1&#8243;][vc_custom_heading heading_semantic=&#8220;h3&#8243; text_size=&#8220;h3&#8243; text_weight=&#8220;300&#8243; text_color=&#8220;color-jevc&#8220;]14. August 2018[\/vc_custom_heading][vc_custom_heading heading_semantic=&#8220;h3&#8243; text_size=&#8220;h3&#8243; text_weight=&#8220;700&#8243; text_transform=&#8220;uppercase&#8220; text_color=&#8220;color-jevc&#8220;]<\/p>\n<h1 class=\"post-title\">Herzensangelegenheit SCM: GETEC verl\u00e4ngert Vertr\u00e4ge<\/h1>\n<p>[\/vc_custom_heading][vc_empty_space empty_h=&#8220;1&#8243;][vc_separator sep_color=&#8220;accent&#8220; css_animation=&#8220;zoom-in&#8220; el_height=&#8220;6px&#8220;][vc_empty_space empty_h=&#8220;0&#8243;][vc_custom_heading heading_semantic=&#8220;h4&#8243; text_size=&#8220;h4&#8243; text_weight=&#8220;300&#8243; text_height=&#8220;fontheight-524109&#8243; text_color=&#8220;color-jevc&#8220;]<\/p>\n<div style=\"text-align: justify;\">Der Magdeburger Energiedienstleister ist seit 2001 Partner des SCM und bekr\u00e4ftigt sein Engagement durch die regelm\u00e4\u00dfige Verl\u00e4ngerung der Sponsoringvertr\u00e4ge. Bereits Ende des Jahres 2017 wurde die Unterst\u00fctzung f\u00fcr den Traditionsverein aus Sachsen-Anhalt vorzeitig f\u00fcr die kommenden zwei Jahre zugesichert.<\/div>\n<p>[\/vc_custom_heading][\/vc_column][\/vc_row][vc_row row_height_percent=&#8220;0&#8243; override_padding=&#8220;yes&#8220; h_padding=&#8220;2&#8243; top_padding=&#8220;2&#8243; bottom_padding=&#8220;2&#8243; back_color=&#8220;color-lxmt&#8220; overlay_alpha=&#8220;50&#8243; gutter_size=&#8220;3&#8243; column_width_percent=&#8220;100&#8243; shift_y=&#8220;0&#8243; z_index=&#8220;0&#8243; enable_top_divider=&#8220;default&#8220; top_divider_inv=&#8220;tilt&#8220; shape_top_invert=&#8220;yes&#8220; shape_top_h_use_pixel=&#8220;&#8220; shape_top_height=&#8220;150&#8243; shape_top_color=&#8220;color-xsdn&#8220; shape_top_opacity=&#8220;100&#8243; shape_top_index=&#8220;0&#8243; css=&#8220;.vc_custom_1590710273186{padding-top: 150px !important;}&#8220;][vc_column width=&#8220;1\/1&#8243;][vc_empty_space empty_h=&#8220;1&#8243;][vc_custom_heading heading_semantic=&#8220;h6&#8243; text_size=&#8220;h6&#8243; text_weight=&#8220;300&#8243; text_height=&#8220;fontheight-524109&#8243; text_color=&#8220;color-jevc&#8220;]Auf der j\u00e4hrlichen Pressekonferenz zum Saisonauftakt am 14.08.2018, welche wie in den vergangenen Jahren in der Magdeburger GETEC Hauptverwaltung stattfand, sagte Dr. Karl Gerhold: \u201eIch w\u00fcnsche dem SCM eine erfolgreiche Saison und w\u00fcrde es toll finden, wenn es mal wieder mit einem Titel klappen w\u00fcrde.\u201c Der gesch\u00e4ftsf\u00fchrende Gesellschafter der GETEC Energie Holding GmbH blickt mit seinen Worten auf die vergangene Saison 2017\/2018 zur\u00fcck, in der die Magdeburger Handballer einen guten vierten Platz in der DKB Handball Bundesliga erreichten und es sowohl beim Europa- als auch beim DHB-Pokal bis ins Halbfinale schafften.[\/vc_custom_heading][vc_custom_heading heading_semantic=&#8220;h6&#8243; text_size=&#8220;h6&#8243; text_weight=&#8220;300&#8243; text_height=&#8220;fontheight-524109&#8243; text_color=&#8220;color-jevc&#8220;]\u201eWir sind sehr froh und dankbar, dass wir die GETEC GRUPPE mit Herrn Dr. Karl Gerhold auch in den n\u00e4chsten beiden Spielzeiten als Hauptsponsor weiter fest an unserer Seite haben. Die wirtschaftliche Stabilit\u00e4t eines Vereins ist die Basis f\u00fcr den sportlichen Erfolg. Mit dem fortgesetzten Engagement der GETEC GRUPPE und dank unseres treuen regionalen Sponsorenpools bleiben wir auch in der Zukunft konkurrenzf\u00e4hig und wollen den Abstand zu den TOP-Clubs weiter verringern\u201c, erg\u00e4nzt Marc-Henrik Schmedt, Gesch\u00e4ftsf\u00fchrer der Handball Magdeburg GmbH.<\/p>\n<p>Neben den Handballern unterst\u00fctzt GETEC die SCM Youngsters sowie den Fan-Shuttle und ist seit 2011 Namensgeber der Heimspielst\u00e4tte, der GETEC-Arena, in Magdeburg.[\/vc_custom_heading][vc_empty_space empty_h=&#8220;1&#8243;][\/vc_column][\/vc_row][vc_row row_height_percent=&#8220;0&#8243; override_padding=&#8220;yes&#8220; h_padding=&#8220;2&#8243; top_padding=&#8220;5&#8243; bottom_padding=&#8220;3&#8243; back_color=&#8220;color-xsdn&#8220; overlay_alpha=&#8220;80&#8243; gutter_size=&#8220;3&#8243; column_width_percent=&#8220;100&#8243; shift_y=&#8220;0&#8243; z_index=&#8220;0&#8243; enable_top_divider=&#8220;default&#8220; top_divider_inv=&#8220;tilt&#8220; shape_top_invert=&#8220;yes&#8220; shape_top_h_use_pixel=&#8220;&#8220; shape_top_height=&#8220;150&#8243; shape_top_color=&#8220;color-lxmt&#8220; shape_top_opacity=&#8220;100&#8243; shape_top_index=&#8220;0&#8243; bottom_divider=&#8220;tilt&#8220;][vc_column column_width_percent=&#8220;100&#8243; position_horizontal=&#8220;left&#8220; position_vertical=&#8220;middle&#8220; gutter_size=&#8220;4&#8243; overlay_alpha=&#8220;50&#8243; shift_x=&#8220;0&#8243; shift_y=&#8220;0&#8243; shift_y_down=&#8220;0&#8243; z_index=&#8220;0&#8243; medium_width=&#8220;0&#8243; mobile_width=&#8220;0&#8243; width=&#8220;1\/1&#8243;][vc_empty_space empty_h=&#8220;1&#8243;][vc_row_inner row_inner_height_percent=&#8220;0&#8243; overlay_alpha=&#8220;50&#8243; equal_height=&#8220;yes&#8220; gutter_size=&#8220;3&#8243; shift_y=&#8220;0&#8243; z_index=&#8220;0&#8243;][vc_column_inner column_width_percent=&#8220;100&#8243; gutter_size=&#8220;3&#8243; overlay_alpha=&#8220;50&#8243; shift_x=&#8220;0&#8243; shift_y=&#8220;0&#8243; shift_y_down=&#8220;0&#8243; z_index=&#8220;0&#8243; medium_width=&#8220;0&#8243; mobile_width=&#8220;0&#8243; width=&#8220;7\/12&#8243; css=&#8220;.vc_custom_1592356088448{padding-right: 10px !important;}&#8220;][vc_custom_heading text_size=&#8220;h4&#8243; text_weight=&#8220;700&#8243; text_transform=&#8220;uppercase&#8220; text_color=&#8220;color-jevc&#8220;]\u00dcber die GETEC GRUPPE[\/vc_custom_heading][vc_custom_heading heading_semantic=&#8220;h6&#8243; text_size=&#8220;h6&#8243; text_weight=&#8220;300&#8243; text_height=&#8220;fontheight-524109&#8243; text_color=&#8220;color-jevc&#8220;]Die GETEC Energie Holding GmbH ist ein Energiedienstleistungsunternehmensverbund und bildet zusammen mit ihren deutschland- und europaweiten Beteiligungen und Aktivit\u00e4ten im Immobilienbereich die GETEC GRUPPE. Die Expertisen und F\u00e4higkeiten der verschiedenen Gesellschaften reichen von der Errichtung und dem Betrieb von Arealnetzen, dem Energiehandel bis hin zur Entwicklung und dem Ausbau regenerativer Energiel\u00f6sungen.[\/vc_custom_heading][\/vc_column_inner][vc_column_inner column_width_percent=&#8220;100&#8243; gutter_size=&#8220;3&#8243; overlay_alpha=&#8220;50&#8243; border_color=&#8220;color-uydo&#8220; border_style=&#8220;solid&#8220; shift_x=&#8220;-2&#8243; shift_y=&#8220;0&#8243; shift_y_down=&#8220;0&#8243; z_index=&#8220;0&#8243; medium_visibility=&#8220;yes&#8220; medium_width=&#8220;0&#8243; mobile_visibility=&#8220;yes&#8220; mobile_width=&#8220;0&#8243; width=&#8220;1\/12&#8243; css=&#8220;.vc_custom_1590709566138{border-right-width: 1px !important;}&#8220;][\/vc_column_inner][vc_column_inner column_width_percent=&#8220;100&#8243; gutter_size=&#8220;3&#8243; overlay_alpha=&#8220;50&#8243; shift_x=&#8220;0&#8243; shift_y=&#8220;0&#8243; shift_y_down=&#8220;0&#8243; z_index=&#8220;0&#8243; medium_width=&#8220;0&#8243; mobile_width=&#8220;0&#8243; width=&#8220;4\/12&#8243;][vc_custom_heading text_size=&#8220;h4&#8243; text_weight=&#8220;700&#8243; text_transform=&#8220;uppercase&#8220; text_color=&#8220;color-jevc&#8220;]Pressekontakt[\/vc_custom_heading][vc_empty_space empty_h=&#8220;1&#8243;][vc_column_text]<\/p>\n<h4><span style=\"color: #727879;\"><strong>GETEC GRUPPE GmbH<\/strong><\/span><\/h4>\n<p><strong>Nele Gawinski<\/strong><br \/>\nKonzernentwicklung &amp; -steuerung<br \/>\nTelefon: <span style=\"color: #727879;\"><a style=\"color: #727879;\" href=\"tel:+49121088652\">+49 (0) 511 121088-635<\/a><\/span><br \/>\nE-Mail:\u00a0<span style=\"color: #727879;\"><a style=\"color: #727879;\" href=\"mailto:presse@getec-holding.de\">presse@getec-holding.de <\/a><\/span>[\/vc_column_text][vc_column_text]<\/p>\n<p style=\"text-align: justify;\">Zum Betrachten etwaiger PDF-Files ben\u00f6tigen Sie den kostenfreien Adobe Acrobat-Reader. Sie k\u00f6nnen Sich dieses Programm\u00a0<a href=\"http:\/\/get.adobe.com\/de\/reader\/\" target=\"_blank\" rel=\"noopener noreferrer\">hier herunterladen<\/a>.<\/p>\n<p>[\/vc_column_text][\/vc_column_inner][\/vc_row_inner][vc_row_inner][vc_column_inner column_width_percent=&#8220;100&#8243; position_vertical=&#8220;middle&#8220; align_horizontal=&#8220;align_center&#8220; gutter_size=&#8220;3&#8243; overlay_alpha=&#8220;50&#8243; shift_x=&#8220;0&#8243; shift_y=&#8220;0&#8243; shift_y_down=&#8220;0&#8243; z_index=&#8220;0&#8243; medium_width=&#8220;0&#8243; mobile_width=&#8220;0&#8243; width=&#8220;1\/1&#8243;][uncode_share layout=&#8220;multiple&#8220; bigger=&#8220;yes&#8220; separator=&#8220;yes&#8220;][\/vc_column_inner][\/vc_row_inner][\/vc_column][\/vc_row]<\/p>\n<\/div>","protected":false},"excerpt":{"rendered":"<p>[vc_row row_height_percent=&#8220;0&#8243; overlay_alpha=&#8220;50&#8243; gutter_size=&#8220;3&#8243; column_width_percent=&#8220;100&#8243; shift_y=&#8220;0&#8243; z_index=&#8220;10&#8243; enable_bottom_divider=&#8220;default&#8220; bottom_divider=&#8220;tilt&#8220; shape_bottom_h_use_pixel=&#8220;&#8220; shape_bottom_height=&#8220;150&#8243; shape_bottom_color=&#8220;color-xsdn&#8220; shape_bottom_opacity=&#8220;100&#8243; shape_bottom_index=&#8220;0&#8243; css=&#8220;.vc_custom_1594942249533{margin-top: -150px !important;}&#8220; shape_dividers=&#8220;&#8220;][vc_column width=&#8220;1\/1&#8243;][\/vc_column][\/vc_row][vc_row row_height_percent=&#8220;0&#8243; [&hellip;]<\/p>\n","protected":false},"author":17,"featured_media":84167,"comment_status":"closed","ping_status":"open","sticky":false,"template":"","format":"standard","meta":{"_relevanssi_hide_post":"","_relevanssi_hide_content":"","_relevanssi_pin_for_all":"","_relevanssi_pin_keywords":"","_relevanssi_unpin_keywords":"","_relevanssi_related_keywords":"","_relevanssi_related_include_ids":"","_relevanssi_related_exclude_ids":"","_relevanssi_related_no_append":"","_relevanssi_related_not_related":"","_relevanssi_related_posts":"","_relevanssi_noindex_reason":"","footnotes":"","_links_to":"","_links_to_target":""},"categories":[77],"tags":[],"class_list":["post-83793","post","type-post","status-publish","format-standard","has-post-thumbnail","hentry","category-news-getec-gruppe"],"_links":{"self":[{"href":"https:\/\/www.getec.de\/de\/wp-json\/wp\/v2\/posts\/83793","targetHints":{"allow":["GET"]}}],"collection":[{"href":"https:\/\/www.getec.de\/de\/wp-json\/wp\/v2\/posts"}],"about":[{"href":"https:\/\/www.getec.de\/de\/wp-json\/wp\/v2\/types\/post"}],"author":[{"embeddable":true,"href":"https:\/\/www.getec.de\/de\/wp-json\/wp\/v2\/users\/17"}],"replies":[{"embeddable":true,"href":"https:\/\/www.getec.de\/de\/wp-json\/wp\/v2\/comments?post=83793"}],"version-history":[{"count":7,"href":"https:\/\/www.getec.de\/de\/wp-json\/wp\/v2\/posts\/83793\/revisions"}],"predecessor-version":[{"id":84421,"href":"https:\/\/www.getec.de\/de\/wp-json\/wp\/v2\/posts\/83793\/revisions\/84421"}],"wp:featuredmedia":[{"embeddable":true,"href":"https:\/\/www.getec.de\/de\/wp-json\/wp\/v2\/media\/84167"}],"wp:attachment":[{"href":"https:\/\/www.getec.de\/de\/wp-json\/wp\/v2\/media?parent=83793"}],"wp:term":[{"taxonomy":"category","embeddable":true,"href":"https:\/\/www.getec.de\/de\/wp-json\/wp\/v2\/categories?post=83793"},{"taxonomy":"post_tag","embeddable":true,"href":"https:\/\/www.getec.de\/de\/wp-json\/wp\/v2\/tags?post=83793"}],"curies":[{"name":"wp","href":"https:\/\/api.w.org\/{rel}","templated":true}]}}