{"id":85780,"date":"2021-08-16T08:50:32","date_gmt":"2021-08-16T06:50:32","guid":{"rendered":"https:\/\/www.getec.de\/?p=85780"},"modified":"2021-08-16T09:20:33","modified_gmt":"2021-08-16T07:20:33","slug":"gemeinsame-veranstaltungen-zur-ddr-literatur-sodanns-buecherkiste-und-stadtbibliothek-arbeiten-zusammen","status":"publish","type":"post","link":"https:\/\/www.getec.de\/de\/gemeinsame-veranstaltungen-zur-ddr-literatur-sodanns-buecherkiste-und-stadtbibliothek-arbeiten-zusammen\/","title":{"rendered":"Gemeinsame Veranstaltungen zur DDR-Literatur Sodanns B\u00fccherkiste und Stadtbibliothek arbeiten zusammen"},"content":{"rendered":"<div class=\"wpb-content-wrapper\"><p>[vc_row row_height_percent=&#8220;0&#8243; overlay_alpha=&#8220;50&#8243; gutter_size=&#8220;3&#8243; column_width_percent=&#8220;100&#8243; shift_y=&#8220;0&#8243; z_index=&#8220;10&#8243; enable_bottom_divider=&#8220;default&#8220; bottom_divider=&#8220;tilt&#8220; shape_bottom_h_use_pixel=&#8220;&#8220; shape_bottom_height=&#8220;150&#8243; shape_bottom_color=&#8220;color-xsdn&#8220; shape_bottom_opacity=&#8220;100&#8243; shape_bottom_index=&#8220;0&#8243; css=&#8220;.vc_custom_1594942214986{margin-top: -150px !important;}&#8220;][vc_column width=&#8220;1\/1&#8243;][\/vc_column][\/vc_row][vc_row row_height_percent=&#8220;0&#8243; back_color=&#8220;color-xsdn&#8220; overlay_alpha=&#8220;50&#8243; gutter_size=&#8220;3&#8243; column_width_percent=&#8220;100&#8243; shift_y=&#8220;0&#8243; z_index=&#8220;10&#8243; bottom_divider=&#8220;tilt&#8220;][vc_column width=&#8220;1\/1&#8243;][\/vc_column][\/vc_row][vc_row][vc_column column_width_percent=&#8220;100&#8243; gutter_size=&#8220;3&#8243; overlay_alpha=&#8220;50&#8243; shift_x=&#8220;0&#8243; shift_y=&#8220;0&#8243; shift_y_down=&#8220;0&#8243; z_index=&#8220;0&#8243; medium_width=&#8220;0&#8243; mobile_width=&#8220;0&#8243; width=&#8220;1\/1&#8243;][vc_custom_heading heading_semantic=&#8220;h3&#8243; text_size=&#8220;h3&#8243; text_weight=&#8220;300&#8243; text_color=&#8220;color-jevc&#8220;]12.08.2021[\/vc_custom_heading][vc_custom_heading heading_semantic=&#8220;h3&#8243; text_size=&#8220;h3&#8243; text_weight=&#8220;700&#8243; text_transform=&#8220;uppercase&#8220; text_color=&#8220;color-jevc&#8220;]<strong>Gemeinsame Veranstaltungen zur DDR-Literatur<\/strong><\/p>\n<p><strong>Sodanns B\u00fccherkiste und Stadtbibliothek arbeiten zusammen<\/strong>[\/vc_custom_heading][vc_empty_space empty_h=&#8220;1&#8243;][vc_separator sep_color=&#8220;accent&#8220; css_animation=&#8220;zoom-in&#8220; el_height=&#8220;6px&#8220;][vc_empty_space empty_h=&#8220;0&#8243;][vc_custom_heading heading_semantic=&#8220;h4&#8243; text_size=&#8220;h4&#8243; text_weight=&#8220;300&#8243; text_height=&#8220;fontheight-524109&#8243; text_color=&#8220;color-jevc&#8220;]\u201ePeter Sodanns B\u00fccherkiste\u201c im Breiten Weg ist als Antiquariat und Literaturcaf\u00e9 zugleich ein Treffpunkt f\u00fcr DDR-Literatur. Der Schauspieler hat gemeinsam mit ehrenamtlichen Unterst\u00fctzern seit Anfang der 1990er Jahre hunderttausende B\u00e4nde zusammengetragen, die ansonsten in Vergessenheit geraten oder g\u00e4nzlich verschwunden w\u00e4ren. Mit Unterst\u00fctzung durch Dr. Karl Gerhold (Gesch\u00e4ftsf\u00fchrender Gesellschafter der GETEC-Gruppe) kam die Peter-Sodann-Bibliothek eG im Oktober 2020 mit der Er\u00f6ffnung der B\u00fccherkiste nach Magdeburg. Jetzt wird die Zusammenarbeit mit der nahe gelegenen Stadtbibliothek intensiviert.<\/p>\n<p>&nbsp;<\/p>\n<p>Die Stadtbibliothek und die Peter-Sodann-Bibliothek eG &#8222;&#8230; wider dem vergehen&#8220;, wie die Initiative, die aus einem Verein hervorgegangen ist, inzwischen hei\u00dft, gehen eine Kooperation ein, die gemeinsamen Zwecken dienen soll. Im Mittelpunkt stehen dabei Veranstaltungen, die an DDR-Literaten und ihre Werke erinnern. Dazu stellt die Stadtbibliothek der \u201eB\u00fccherkiste\u201c nicht nur leihweise Mobiliar zur Verf\u00fcgung. Praktisch wird es zur Unterst\u00fctzung bei der Durchf\u00fchrung von Angeboten kommen, wobei die \u201eB\u00fccherkiste\u201c bei gemeinsamen Veranstaltungen auf die etablierten R\u00e4umlichkeiten und personelle Unterst\u00fctzung der Stadtbibliothek zur\u00fcckgreifen kann. Die Stadtbibliothek tritt schlie\u00dflich selbst seit Jahren mit Lesungen und Diskussionsforen in die \u00d6ffentlichkeit, die sich mit dem Wirken einstiger auch staatlicherseits gef\u00f6rderter Literaturgr\u00f6\u00dfen auseinandersetzen. Im letzten Jahr erinnerte etwa die namhafte Kulturredakteurin Irmtraud Gutschke einf\u00fchlsam an die DDR-Autorin Eva Strittmatter. Dar\u00fcber hinaus stellt die Stadtbibliothek ihren Leser*innen ebenfalls eine namhafte Sammlung an DDR-Literatur zur Verf\u00fcgung.<\/p>\n<p>&nbsp;<\/p>\n<p>Von der Kooperation erhoffen sich beide Seiten gegenseitige Ideen und neue Kontakte. Insgesamt wird es darum gehen, die Erinnerung und aktive Besch\u00e4ftigung mit dem besonderen literarischen Erbe zu f\u00f6rdern. Mit Unterst\u00fctzung von hiesigen Sponsoren und F\u00f6rderern wird ein Teil des auf Initiative Sodanns nun seit drei Jahrzehnten unter dem Motto &#8222;&#8230; wider dem vergehen&#8220; gesammelte Literaturgut schlie\u00dflich inzwischen in Magdeburg-Buckau dauerhaft verwahrt. In der \u201eB\u00fccherkiste\u201c und in der Stadtbibliothek haben Literaturinteressierte zuk\u00fcnftig sicherlich oftmals Gelegenheit,\u00a0 Literaten und Werke aus der Zeit vor 1989 wiederzuentdecken oder \u00fcber aktuelle Publikationen zu Literatur und Autor*innen der DDR mit Interessierten ins Gespr\u00e4ch zu kommen.[\/vc_custom_heading][\/vc_column][\/vc_row][vc_row row_height_percent=&#8220;0&#8243; override_padding=&#8220;yes&#8220; h_padding=&#8220;2&#8243; top_padding=&#8220;2&#8243; bottom_padding=&#8220;2&#8243; back_color=&#8220;color-lxmt&#8220; overlay_alpha=&#8220;50&#8243; gutter_size=&#8220;3&#8243; column_width_percent=&#8220;100&#8243; shift_y=&#8220;0&#8243; z_index=&#8220;0&#8243; enable_top_divider=&#8220;default&#8220; top_divider_inv=&#8220;tilt&#8220; shape_top_invert=&#8220;yes&#8220; shape_top_h_use_pixel=&#8220;&#8220; shape_top_height=&#8220;150&#8243; shape_top_color=&#8220;color-xsdn&#8220; shape_top_opacity=&#8220;100&#8243; shape_top_index=&#8220;0&#8243; css=&#8220;.vc_custom_1590710273186{padding-top: 150px !important;}&#8220;][vc_column width=&#8220;1\/1&#8243;][vc_empty_space empty_h=&#8220;1&#8243;][vc_custom_heading heading_semantic=&#8220;h6&#8243; text_size=&#8220;h6&#8243; text_weight=&#8220;300&#8243; text_height=&#8220;fontheight-524109&#8243; text_color=&#8220;color-jevc&#8220;]<\/p>\n<h6>Stadtbibliothek Magdeburg<\/h6>\n<p>[\/vc_custom_heading][vc_custom_heading heading_semantic=&#8220;h6&#8243; text_size=&#8220;h6&#8243; text_weight=&#8220;300&#8243; text_height=&#8220;fontheight-524109&#8243; text_color=&#8220;color-jevc&#8220;]Pressekontakt: Dr. Maik Hattenhorst, Tel. 0391 5404816, E-Mail: <a href=\"mailto:maik.hattenhorst@stadtbibliothek.magdeburg.de\">maik.hattenhorst@stadtbibliothek.magdeburg.de<\/a><\/p>\n<p>Homepage: <a href=\"http:\/\/www.magdeburg-stadtbibliothek.de\">www.magdeburg-stadtbibliothek.de<\/a>[\/vc_custom_heading][\/vc_column][\/vc_row][vc_row row_height_percent=&#8220;0&#8243; override_padding=&#8220;yes&#8220; h_padding=&#8220;2&#8243; top_padding=&#8220;5&#8243; bottom_padding=&#8220;3&#8243; back_color=&#8220;color-xsdn&#8220; overlay_alpha=&#8220;80&#8243; gutter_size=&#8220;3&#8243; column_width_percent=&#8220;100&#8243; shift_y=&#8220;0&#8243; z_index=&#8220;0&#8243; enable_top_divider=&#8220;default&#8220; top_divider_inv=&#8220;tilt&#8220; shape_top_invert=&#8220;yes&#8220; shape_top_h_use_pixel=&#8220;&#8220; shape_top_height=&#8220;150&#8243; shape_top_color=&#8220;color-lxmt&#8220; shape_top_opacity=&#8220;100&#8243; shape_top_index=&#8220;0&#8243; bottom_divider=&#8220;tilt&#8220;][vc_column column_width_percent=&#8220;100&#8243; position_horizontal=&#8220;left&#8220; position_vertical=&#8220;middle&#8220; gutter_size=&#8220;4&#8243; overlay_alpha=&#8220;50&#8243; shift_x=&#8220;0&#8243; shift_y=&#8220;0&#8243; shift_y_down=&#8220;0&#8243; z_index=&#8220;0&#8243; medium_width=&#8220;0&#8243; mobile_width=&#8220;0&#8243; width=&#8220;1\/1&#8243;][vc_empty_space empty_h=&#8220;1&#8243;][vc_row_inner row_inner_height_percent=&#8220;0&#8243; overlay_alpha=&#8220;50&#8243; equal_height=&#8220;yes&#8220; gutter_size=&#8220;3&#8243; shift_y=&#8220;0&#8243; z_index=&#8220;0&#8243;][vc_column_inner column_width_percent=&#8220;100&#8243; gutter_size=&#8220;3&#8243; overlay_alpha=&#8220;50&#8243; shift_x=&#8220;0&#8243; shift_y=&#8220;0&#8243; shift_y_down=&#8220;0&#8243; z_index=&#8220;0&#8243; medium_width=&#8220;0&#8243; mobile_width=&#8220;0&#8243; width=&#8220;7\/12&#8243; css=&#8220;.vc_custom_1592356088448{padding-right: 10px !important;}&#8220;][vc_custom_heading text_size=&#8220;h4&#8243; text_weight=&#8220;700&#8243; text_transform=&#8220;uppercase&#8220; text_color=&#8220;color-jevc&#8220;]\u00dcber die GETEC GRUPPE[\/vc_custom_heading][vc_custom_heading heading_semantic=&#8220;h6&#8243; text_size=&#8220;h6&#8243; text_weight=&#8220;300&#8243; text_height=&#8220;fontheight-524109&#8243; text_color=&#8220;color-jevc&#8220;]Die GETEC Energie Holding GmbH ist ein Energiedienstleistungsunternehmensverbund und bildet zusammen mit ihren deutschland- und europaweiten Beteiligungen und Aktivit\u00e4ten im Immobilienbereich die GETEC GRUPPE. Die Expertisen und F\u00e4higkeiten der verschiedenen Gesellschaften reichen von der Errichtung und dem Betrieb von Arealnetzen, dem Energiehandel bis hin zur Entwicklung und dem Ausbau regenerativer Energiel\u00f6sungen.[\/vc_custom_heading][vc_empty_space empty_h=&#8220;1&#8243;][\/vc_column_inner][vc_column_inner column_width_percent=&#8220;100&#8243; gutter_size=&#8220;3&#8243; overlay_alpha=&#8220;50&#8243; border_color=&#8220;color-uydo&#8220; border_style=&#8220;solid&#8220; shift_x=&#8220;-2&#8243; shift_y=&#8220;0&#8243; shift_y_down=&#8220;0&#8243; z_index=&#8220;0&#8243; medium_visibility=&#8220;yes&#8220; medium_width=&#8220;0&#8243; mobile_visibility=&#8220;yes&#8220; mobile_width=&#8220;0&#8243; width=&#8220;1\/12&#8243; css=&#8220;.vc_custom_1590709566138{border-right-width: 1px !important;}&#8220;][\/vc_column_inner][vc_column_inner column_width_percent=&#8220;100&#8243; gutter_size=&#8220;3&#8243; overlay_alpha=&#8220;50&#8243; shift_x=&#8220;0&#8243; shift_y=&#8220;0&#8243; shift_y_down=&#8220;0&#8243; z_index=&#8220;0&#8243; medium_width=&#8220;0&#8243; mobile_width=&#8220;0&#8243; width=&#8220;4\/12&#8243;][vc_custom_heading text_size=&#8220;h4&#8243; text_weight=&#8220;700&#8243; text_transform=&#8220;uppercase&#8220; text_color=&#8220;color-jevc&#8220;]Pressekontakt[\/vc_custom_heading][vc_empty_space empty_h=&#8220;1&#8243;][vc_column_text]<\/p>\n<h4><span style=\"color: #727879;\"><strong>GETEC GRUPPE<\/strong><\/span><\/h4>\n<p><strong>Julia Roepke<\/strong><br \/>\nKonzernentwicklung &amp; -steuerung<br \/>\nTelefon: <span style=\"color: #727879;\"><a style=\"color: #727879;\" href=\"tel:+49121088652\">+49 (0) 511 121088-653<\/a><\/span><br \/>\nE-Mail:\u00a0<span style=\"color: #727879;\"><a style=\"color: #727879;\" href=\"mailto:presse@getec-holding.de\">presse@getec-holding.de <\/a><\/span>[\/vc_column_text][vc_column_text]<\/p>\n<p style=\"text-align: justify;\">Zum Betrachten etwaiger PDF-Files ben\u00f6tigen Sie den kostenfreien Adobe Acrobat-Reader. Sie k\u00f6nnen Sich dieses Programm <a class=\"_ps2id\" href=\"https:\/\/www.getec.de\/wp-content\/uploads\/2021\/08\/2021-08-12-Pressemitteilung-Peter-Sodann_Stadtbibliothek.pdf\" data-ps2id-offset=\"\">hier herunterladen.<\/a><\/p>\n<p>[\/vc_column_text][\/vc_column_inner][\/vc_row_inner][vc_row_inner][vc_column_inner column_width_percent=&#8220;100&#8243; position_vertical=&#8220;middle&#8220; align_horizontal=&#8220;align_center&#8220; gutter_size=&#8220;3&#8243; overlay_alpha=&#8220;50&#8243; shift_x=&#8220;0&#8243; shift_y=&#8220;0&#8243; shift_y_down=&#8220;0&#8243; z_index=&#8220;0&#8243; medium_width=&#8220;0&#8243; mobile_width=&#8220;0&#8243; width=&#8220;1\/1&#8243;][uncode_share layout=&#8220;multiple&#8220; bigger=&#8220;yes&#8220; separator=&#8220;yes&#8220;][\/vc_column_inner][\/vc_row_inner][\/vc_column][\/vc_row]<\/p>\n<\/div>","protected":false},"excerpt":{"rendered":"<p>[vc_row row_height_percent=&#8220;0&#8243; overlay_alpha=&#8220;50&#8243; gutter_size=&#8220;3&#8243; column_width_percent=&#8220;100&#8243; shift_y=&#8220;0&#8243; z_index=&#8220;10&#8243; enable_bottom_divider=&#8220;default&#8220; bottom_divider=&#8220;tilt&#8220; shape_bottom_h_use_pixel=&#8220;&#8220; shape_bottom_height=&#8220;150&#8243; shape_bottom_color=&#8220;color-xsdn&#8220; shape_bottom_opacity=&#8220;100&#8243; shape_bottom_index=&#8220;0&#8243; css=&#8220;.vc_custom_1594942214986{margin-top: -150px !important;}&#8220;][vc_column width=&#8220;1\/1&#8243;][\/vc_column][\/vc_row][vc_row row_height_percent=&#8220;0&#8243; back_color=&#8220;color-xsdn&#8220; [&hellip;]<\/p>\n","protected":false},"author":45,"featured_media":85793,"comment_status":"closed","ping_status":"open","sticky":false,"template":"","format":"standard","meta":{"_relevanssi_hide_post":"","_relevanssi_hide_content":"","_relevanssi_pin_for_all":"","_relevanssi_pin_keywords":"","_relevanssi_unpin_keywords":"","_relevanssi_related_keywords":"","_relevanssi_related_include_ids":"","_relevanssi_related_exclude_ids":"","_relevanssi_related_no_append":"","_relevanssi_related_not_related":"","_relevanssi_related_posts":"","_relevanssi_noindex_reason":"","footnotes":"","_links_to":"","_links_to_target":""},"categories":[77],"tags":[],"class_list":["post-85780","post","type-post","status-publish","format-standard","has-post-thumbnail","hentry","category-news-getec-gruppe"],"_links":{"self":[{"href":"https:\/\/www.getec.de\/de\/wp-json\/wp\/v2\/posts\/85780","targetHints":{"allow":["GET"]}}],"collection":[{"href":"https:\/\/www.getec.de\/de\/wp-json\/wp\/v2\/posts"}],"about":[{"href":"https:\/\/www.getec.de\/de\/wp-json\/wp\/v2\/types\/post"}],"author":[{"embeddable":true,"href":"https:\/\/www.getec.de\/de\/wp-json\/wp\/v2\/users\/45"}],"replies":[{"embeddable":true,"href":"https:\/\/www.getec.de\/de\/wp-json\/wp\/v2\/comments?post=85780"}],"version-history":[{"count":5,"href":"https:\/\/www.getec.de\/de\/wp-json\/wp\/v2\/posts\/85780\/revisions"}],"predecessor-version":[{"id":85782,"href":"https:\/\/www.getec.de\/de\/wp-json\/wp\/v2\/posts\/85780\/revisions\/85782"}],"wp:featuredmedia":[{"embeddable":true,"href":"https:\/\/www.getec.de\/de\/wp-json\/wp\/v2\/media\/85793"}],"wp:attachment":[{"href":"https:\/\/www.getec.de\/de\/wp-json\/wp\/v2\/media?parent=85780"}],"wp:term":[{"taxonomy":"category","embeddable":true,"href":"https:\/\/www.getec.de\/de\/wp-json\/wp\/v2\/categories?post=85780"},{"taxonomy":"post_tag","embeddable":true,"href":"https:\/\/www.getec.de\/de\/wp-json\/wp\/v2\/tags?post=85780"}],"curies":[{"name":"wp","href":"https:\/\/api.w.org\/{rel}","templated":true}]}}