{"id":87664,"date":"2024-07-01T09:06:45","date_gmt":"2024-07-01T07:06:45","guid":{"rendered":"https:\/\/www.getec.de\/?p=87664"},"modified":"2024-07-01T09:06:45","modified_gmt":"2024-07-01T07:06:45","slug":"getec-gruppe-bleibt-gold-partner","status":"publish","type":"post","link":"https:\/\/www.getec.de\/de\/getec-gruppe-bleibt-gold-partner\/","title":{"rendered":"GETEC Gruppe verl\u00e4ngert Engagement und bleibt GOLDPartner"},"content":{"rendered":"<div class=\"wpb-content-wrapper\"><p>[vc_row row_height_percent=&#8220;0&#8243; back_color=&#8220;color-xsdn&#8220; overlay_alpha=&#8220;50&#8243; gutter_size=&#8220;3&#8243; column_width_percent=&#8220;100&#8243; shift_y=&#8220;0&#8243; z_index=&#8220;10&#8243; bottom_divider=&#8220;tilt&#8220;][vc_column width=&#8220;1\/1&#8243;][\/vc_column][\/vc_row][vc_row][vc_column column_width_percent=&#8220;100&#8243; gutter_size=&#8220;3&#8243; overlay_alpha=&#8220;50&#8243; shift_x=&#8220;0&#8243; shift_y=&#8220;0&#8243; shift_y_down=&#8220;0&#8243; z_index=&#8220;0&#8243; medium_width=&#8220;0&#8243; mobile_width=&#8220;0&#8243; width=&#8220;1\/1&#8243;][vc_custom_heading text_color=&#8220;color-jevc&#8220; heading_semantic=&#8220;h3&#8243; text_size=&#8220;h3&#8243; text_weight=&#8220;300&#8243; uncode_shortcode_id=&#8220;168461&#8243; text_color_type=&#8220;uncode-palette&#8220;]Pressemitteilung vom 01. Juli 2024[\/vc_custom_heading][vc_custom_heading text_color=&#8220;color-jevc&#8220; heading_semantic=&#8220;h3&#8243; text_size=&#8220;h3&#8243; text_weight=&#8220;700&#8243; text_transform=&#8220;uppercase&#8220; uncode_shortcode_id=&#8220;916560&#8243; text_color_type=&#8220;uncode-palette&#8220;]<\/p>\n<h1 class=\"post-title\">GETEC Gruppe verl\u00e4ngert Engagement und bleibt GOLDPartner<\/h1>\n<p>[\/vc_custom_heading][vc_empty_space empty_h=&#8220;1&#8243;][vc_separator sep_color=&#8220;accent&#8220; css_animation=&#8220;zoom-in&#8220; el_height=&#8220;6px&#8220;][vc_empty_space empty_h=&#8220;0&#8243;][vc_custom_heading text_color=&#8220;color-jevc&#8220; heading_semantic=&#8220;h4&#8243; text_size=&#8220;h4&#8243; text_weight=&#8220;300&#8243; text_height=&#8220;fontheight-524109&#8243; uncode_shortcode_id=&#8220;111326&#8243; text_color_type=&#8220;uncode-palette&#8220;]<\/p>\n<div style=\"text-align: justify;\">\n<p>Der 1. FC Magdeburg und sein langj\u00e4hriger Wirtschaftspartner, die GETEC Gruppe, haben ihre Zusammenarbeit verl\u00e4ngert. Die GETEC Gruppe steht bereits seit 2014 an der Seite des Clubs und geh\u00f6rt damit zu den treuen Unterst\u00fctzern des 1. FC Magdeburg.<\/p>\n<\/div>\n<p>[\/vc_custom_heading][\/vc_column][\/vc_row][vc_row row_height_percent=&#8220;0&#8243; override_padding=&#8220;yes&#8220; h_padding=&#8220;2&#8243; top_padding=&#8220;2&#8243; bottom_padding=&#8220;2&#8243; back_color=&#8220;color-lxmt&#8220; overlay_alpha=&#8220;50&#8243; gutter_size=&#8220;3&#8243; column_width_percent=&#8220;100&#8243; shift_y=&#8220;0&#8243; z_index=&#8220;0&#8243; enable_top_divider=&#8220;default&#8220; top_divider_inv=&#8220;tilt&#8220; shape_top_invert=&#8220;yes&#8220; shape_top_h_use_pixel=&#8220;&#8220; shape_top_height=&#8220;150&#8243; shape_top_color=&#8220;color-xsdn&#8220; shape_top_opacity=&#8220;100&#8243; shape_top_index=&#8220;0&#8243; css=&#8220;.vc_custom_1590710273186{padding-top: 150px !important;}&#8220;][vc_column width=&#8220;1\/1&#8243;][vc_empty_space empty_h=&#8220;1&#8243;][vc_custom_heading text_color=&#8220;color-jevc&#8220; heading_semantic=&#8220;h6&#8243; text_size=&#8220;h6&#8243; text_weight=&#8220;300&#8243; text_height=&#8220;fontheight-524109&#8243; uncode_shortcode_id=&#8220;318313&#8243; text_color_type=&#8220;uncode-palette&#8220;]Als GOLDPartner wird die GETEC Gruppe unter anderem TV-wirksame LED-Bandenwerbung sowie ein Hospitalitypaket im Rahmen der Heimspiele des 1. FC Magdeburg in der Avnet Arena nutzen.[\/vc_custom_heading][vc_custom_heading text_color=&#8220;color-jevc&#8220; heading_semantic=&#8220;h6&#8243; text_size=&#8220;h6&#8243; text_weight=&#8220;300&#8243; text_height=&#8220;fontheight-524109&#8243; uncode_shortcode_id=&#8220;702231&#8243; text_color_type=&#8220;uncode-palette&#8220;]Die GETEC Gruppe ist ein deutschland- und europaweit agierendes Energiedienstleistungsunternehmen. 1993 gr\u00fcndete Dr. Karl Gerhold die GETEC. Das Unternehmen engagiert sich auf vielf\u00e4ltige Weise, unter anderem als Sponsor in verschiedenen Sportbereichen, GETEC steht aber auch f\u00fcr die Unterst\u00fctzung und F\u00f6rderung von kulturellen, sozialen und wissenschaftlichen Aktivit\u00e4ten.[\/vc_custom_heading][vc_custom_heading text_color=&#8220;color-jevc&#8220; heading_semantic=&#8220;h6&#8243; text_size=&#8220;h6&#8243; text_weight=&#8220;300&#8243; text_height=&#8220;fontheight-524109&#8243; uncode_shortcode_id=&#8220;675225&#8243; text_color_type=&#8220;uncode-palette&#8220;]<strong>Steffen Schmidt, Leiter Konzernentwicklung &amp; -steuerung der GETEC Energie Holding GmbH:<\/strong> \u201eEs freut uns sehr, weiterhin als Sponsor des 1. FC Magdeburg auftreten zu k\u00f6nnen. Da der FCM als eine von drei Mannschaften aus den neuen Bundesl\u00e4ndern in der Bundesliga spielt, macht es uns besonders stolz, den Club in die dritte Saison in Folge in der 2. Liga zu begleiten. Es sind EINMALige Fans, in einem sich IMMER vorw\u00e4rts bewegenden Verein. Wir wollen damit den Sport, die Stadt und vor allem die Werte beider Seiten, weit \u00fcber Sachsen-Anhalt hinaus, begleiten.\u201c[\/vc_custom_heading][vc_custom_heading text_color=&#8220;color-jevc&#8220; heading_semantic=&#8220;h6&#8243; text_size=&#8220;h6&#8243; text_weight=&#8220;300&#8243; text_height=&#8220;fontheight-524109&#8243; uncode_shortcode_id=&#8220;187355&#8243; text_color_type=&#8220;uncode-palette&#8220;]<strong>Martin Geisthardt, kaufm\u00e4nnischer Gesch\u00e4ftsf\u00fchrer des 1. FC Magdeburg:<\/strong> \u201eSeit beinahe einem Jahrzehnt pflegen wir nun schon eine Partnerschaft mit der GETEC Gruppe. Diese langj\u00e4hrige Bindung unterstreicht die Treue und Bedeutung des Unternehmens f\u00fcr unseren Club. Unsere Partnerschaft ist gepr\u00e4gt von Verl\u00e4sslichkeit und gegenseitiger Anerkennung. Daher freut es mich umso mehr, dass wir den bew\u00e4hrten Weg gemeinsam weiterverfolgen k\u00f6nnen.\u201c[\/vc_custom_heading][\/vc_column][\/vc_row][vc_row row_height_percent=&#8220;0&#8243; override_padding=&#8220;yes&#8220; h_padding=&#8220;2&#8243; top_padding=&#8220;5&#8243; bottom_padding=&#8220;3&#8243; back_color=&#8220;color-xsdn&#8220; overlay_alpha=&#8220;80&#8243; gutter_size=&#8220;3&#8243; column_width_percent=&#8220;100&#8243; shift_y=&#8220;0&#8243; z_index=&#8220;0&#8243; enable_top_divider=&#8220;default&#8220; top_divider_inv=&#8220;tilt&#8220; shape_top_invert=&#8220;yes&#8220; shape_top_h_use_pixel=&#8220;&#8220; shape_top_height=&#8220;150&#8243; shape_top_color=&#8220;color-lxmt&#8220; shape_top_opacity=&#8220;100&#8243; shape_top_index=&#8220;0&#8243; bottom_divider=&#8220;tilt&#8220;][vc_column column_width_percent=&#8220;100&#8243; position_horizontal=&#8220;left&#8220; position_vertical=&#8220;middle&#8220; gutter_size=&#8220;4&#8243; overlay_alpha=&#8220;50&#8243; shift_x=&#8220;0&#8243; shift_y=&#8220;0&#8243; shift_y_down=&#8220;0&#8243; z_index=&#8220;0&#8243; medium_width=&#8220;0&#8243; mobile_width=&#8220;0&#8243; width=&#8220;1\/1&#8243;][vc_empty_space empty_h=&#8220;1&#8243;][vc_row_inner row_inner_height_percent=&#8220;0&#8243; overlay_alpha=&#8220;50&#8243; equal_height=&#8220;yes&#8220; gutter_size=&#8220;3&#8243; shift_y=&#8220;0&#8243; z_index=&#8220;0&#8243;][vc_column_inner column_width_percent=&#8220;100&#8243; gutter_size=&#8220;3&#8243; overlay_alpha=&#8220;50&#8243; shift_x=&#8220;0&#8243; shift_y=&#8220;0&#8243; shift_y_down=&#8220;0&#8243; z_index=&#8220;0&#8243; medium_width=&#8220;0&#8243; mobile_width=&#8220;0&#8243; width=&#8220;7\/12&#8243; css=&#8220;.vc_custom_1592356088448{padding-right: 10px !important;}&#8220;][vc_custom_heading text_color=&#8220;color-jevc&#8220; text_size=&#8220;h4&#8243; text_weight=&#8220;700&#8243; text_transform=&#8220;uppercase&#8220; uncode_shortcode_id=&#8220;209538&#8243; text_color_type=&#8220;uncode-palette&#8220;]\u00dcber die GETEC Gruppe[\/vc_custom_heading][vc_empty_space empty_h=&#8220;1&#8243;][vc_column_text uncode_shortcode_id=&#8220;853166&#8243;]Die GETEC Energie Holding GmbH ist ein Energiedienstleistungsunternehmensverbund und bildet zusammen mit ihren deutschland- und europaweiten Beteiligungen und Aktivit\u00e4ten im Immobilienbereich die GETEC GRUPPE. Die Expertisen und F\u00e4higkeiten der verschiedenen Gesellschaften reichen von der Errichtung und dem Betrieb von Arealnetzen, dem Energiehandel bis hin zur Entwicklung und dem Ausbau regenerativer Energiel\u00f6sungen. Die GETEC Gruppe besch\u00e4ftigte im Jahr 2022 ca. 1.500 Mitarbeiter und erwirtschaftete einen Umsatz von 4,9 Mrd. Euro.[\/vc_column_text][\/vc_column_inner][vc_column_inner column_width_percent=&#8220;100&#8243; gutter_size=&#8220;3&#8243; overlay_alpha=&#8220;50&#8243; border_color=&#8220;color-uydo&#8220; border_style=&#8220;solid&#8220; shift_x=&#8220;-2&#8243; shift_y=&#8220;0&#8243; shift_y_down=&#8220;0&#8243; z_index=&#8220;0&#8243; medium_visibility=&#8220;yes&#8220; medium_width=&#8220;0&#8243; mobile_visibility=&#8220;yes&#8220; mobile_width=&#8220;0&#8243; width=&#8220;1\/12&#8243; css=&#8220;.vc_custom_1590709566138{border-right-width: 1px !important;}&#8220;][\/vc_column_inner][vc_column_inner column_width_percent=&#8220;100&#8243; gutter_size=&#8220;3&#8243; overlay_alpha=&#8220;50&#8243; shift_x=&#8220;0&#8243; shift_y=&#8220;0&#8243; shift_y_down=&#8220;0&#8243; z_index=&#8220;0&#8243; medium_width=&#8220;0&#8243; mobile_width=&#8220;0&#8243; width=&#8220;4\/12&#8243;][vc_custom_heading text_color=&#8220;color-jevc&#8220; text_size=&#8220;h4&#8243; text_weight=&#8220;700&#8243; text_transform=&#8220;uppercase&#8220; uncode_shortcode_id=&#8220;179426&#8243; text_color_type=&#8220;uncode-palette&#8220;]Pressekontakt GETEC:[\/vc_custom_heading][vc_empty_space empty_h=&#8220;1&#8243;][vc_column_text uncode_shortcode_id=&#8220;180236&#8243;]<\/p>\n<h4><span style=\"color: #727879;\"><strong>GETEC GRUPPE<\/strong><\/span><\/h4>\n<p><strong>GETEC Energie Holding GmbH<\/strong><\/p>\n<p>Nele Gawinski<\/p>\n<p>Telefon: <span style=\"color: #727879;\">+49 (0) 511 121088-635<\/span><br \/>\nE-Mail: <a class=\"_ps2id\" href=\"mailto:presse@getec-holding.de\" data-ps2id-offset=\"\">presse<\/a><a class=\"_ps2id\" href=\"mailto:nele.gawinski@getec-holding.de\" data-ps2id-offset=\"\">@getec-holding.de<\/a>[\/vc_column_text][\/vc_column_inner][\/vc_row_inner][vc_column_text]<\/p>\n<p style=\"text-align: justify;\">Zum Betrachten etwaiger PDF-Files ben\u00f6tigen Sie den kostenfreien Adobe Acrobat-Reader. Sie k\u00f6nnen Sich dieses Programm\u00a0<a href=\"http:\/\/get.adobe.com\/de\/reader\/\" target=\"_blank\" rel=\"noopener noreferrer\">hier herunterladen<\/a>.<\/p>\n<p>[\/vc_column_text][vc_row_inner][vc_column_inner column_width_percent=&#8220;100&#8243; position_vertical=&#8220;middle&#8220; align_horizontal=&#8220;align_center&#8220; gutter_size=&#8220;3&#8243; overlay_alpha=&#8220;50&#8243; shift_x=&#8220;0&#8243; shift_y=&#8220;0&#8243; shift_y_down=&#8220;0&#8243; z_index=&#8220;0&#8243; medium_width=&#8220;0&#8243; mobile_width=&#8220;0&#8243; width=&#8220;1\/1&#8243;][uncode_share layout=&#8220;multiple&#8220; bigger=&#8220;yes&#8220; separator=&#8220;yes&#8220;][\/vc_column_inner][\/vc_row_inner][\/vc_column][\/vc_row]<\/p>\n<\/div>","protected":false},"excerpt":{"rendered":"<p>[vc_row row_height_percent=&#8220;0&#8243; back_color=&#8220;color-xsdn&#8220; overlay_alpha=&#8220;50&#8243; gutter_size=&#8220;3&#8243; column_width_percent=&#8220;100&#8243; shift_y=&#8220;0&#8243; z_index=&#8220;10&#8243; bottom_divider=&#8220;tilt&#8220;][vc_column width=&#8220;1\/1&#8243;][\/vc_column][\/vc_row][vc_row][vc_column column_width_percent=&#8220;100&#8243; gutter_size=&#8220;3&#8243; overlay_alpha=&#8220;50&#8243; shift_x=&#8220;0&#8243; shift_y=&#8220;0&#8243; shift_y_down=&#8220;0&#8243; z_index=&#8220;0&#8243; medium_width=&#8220;0&#8243; mobile_width=&#8220;0&#8243; width=&#8220;1\/1&#8243;][vc_custom_heading [&hellip;]<\/p>\n","protected":false},"author":42,"featured_media":87668,"comment_status":"closed","ping_status":"closed","sticky":false,"template":"","format":"standard","meta":{"_relevanssi_hide_post":"","_relevanssi_hide_content":"","_relevanssi_pin_for_all":"","_relevanssi_pin_keywords":"","_relevanssi_unpin_keywords":"","_relevanssi_related_keywords":"","_relevanssi_related_include_ids":"","_relevanssi_related_exclude_ids":"","_relevanssi_related_no_append":"","_relevanssi_related_not_related":"","_relevanssi_related_posts":"","_relevanssi_noindex_reason":"","footnotes":"","_links_to":"","_links_to_target":""},"categories":[77],"tags":[],"class_list":["post-87664","post","type-post","status-publish","format-standard","has-post-thumbnail","hentry","category-news-getec-gruppe"],"_links":{"self":[{"href":"https:\/\/www.getec.de\/de\/wp-json\/wp\/v2\/posts\/87664","targetHints":{"allow":["GET"]}}],"collection":[{"href":"https:\/\/www.getec.de\/de\/wp-json\/wp\/v2\/posts"}],"about":[{"href":"https:\/\/www.getec.de\/de\/wp-json\/wp\/v2\/types\/post"}],"author":[{"embeddable":true,"href":"https:\/\/www.getec.de\/de\/wp-json\/wp\/v2\/users\/42"}],"replies":[{"embeddable":true,"href":"https:\/\/www.getec.de\/de\/wp-json\/wp\/v2\/comments?post=87664"}],"version-history":[{"count":2,"href":"https:\/\/www.getec.de\/de\/wp-json\/wp\/v2\/posts\/87664\/revisions"}],"predecessor-version":[{"id":87670,"href":"https:\/\/www.getec.de\/de\/wp-json\/wp\/v2\/posts\/87664\/revisions\/87670"}],"wp:featuredmedia":[{"embeddable":true,"href":"https:\/\/www.getec.de\/de\/wp-json\/wp\/v2\/media\/87668"}],"wp:attachment":[{"href":"https:\/\/www.getec.de\/de\/wp-json\/wp\/v2\/media?parent=87664"}],"wp:term":[{"taxonomy":"category","embeddable":true,"href":"https:\/\/www.getec.de\/de\/wp-json\/wp\/v2\/categories?post=87664"},{"taxonomy":"post_tag","embeddable":true,"href":"https:\/\/www.getec.de\/de\/wp-json\/wp\/v2\/tags?post=87664"}],"curies":[{"name":"wp","href":"https:\/\/api.w.org\/{rel}","templated":true}]}}