{"id":87768,"date":"2024-09-05T16:38:26","date_gmt":"2024-09-05T14:38:26","guid":{"rendered":"https:\/\/www.getec.de\/?p=87768"},"modified":"2024-09-10T09:08:15","modified_gmt":"2024-09-10T07:08:15","slug":"getec-mobility-solutions-uebernimmt-die-kunden-von-parkstrom","status":"publish","type":"post","link":"https:\/\/www.getec.de\/de\/getec-mobility-solutions-uebernimmt-die-kunden-von-parkstrom\/","title":{"rendered":"GETEC mobility solutions \u00fcbernimmt die Kunden von Parkstrom"},"content":{"rendered":"<div class=\"wpb-content-wrapper\"><p>[vc_row row_height_percent=&#8220;0&#8243; back_color=&#8220;color-xsdn&#8220; overlay_alpha=&#8220;50&#8243; gutter_size=&#8220;3&#8243; column_width_percent=&#8220;100&#8243; shift_y=&#8220;0&#8243; z_index=&#8220;10&#8243; bottom_divider=&#8220;tilt&#8220;][vc_column width=&#8220;1\/1&#8243;][\/vc_column][\/vc_row][vc_row][vc_column column_width_percent=&#8220;100&#8243; gutter_size=&#8220;3&#8243; overlay_alpha=&#8220;50&#8243; shift_x=&#8220;0&#8243; shift_y=&#8220;0&#8243; shift_y_down=&#8220;0&#8243; z_index=&#8220;0&#8243; medium_width=&#8220;0&#8243; mobile_width=&#8220;0&#8243; width=&#8220;1\/1&#8243;][vc_custom_heading text_color=&#8220;color-jevc&#8220; heading_semantic=&#8220;h3&#8243; text_size=&#8220;h3&#8243; text_weight=&#8220;300&#8243; uncode_shortcode_id=&#8220;901623&#8243; text_color_type=&#8220;uncode-palette&#8220;]Medieninformation vom 05.09.2024[\/vc_custom_heading][vc_custom_heading text_color=&#8220;color-jevc&#8220; heading_semantic=&#8220;h3&#8243; text_size=&#8220;h3&#8243; text_weight=&#8220;700&#8243; text_transform=&#8220;uppercase&#8220; uncode_shortcode_id=&#8220;249234&#8243; text_color_type=&#8220;uncode-palette&#8220;]<\/p>\n<h1 class=\"post-title\">GETEC mobility solutions \u00fcbernimmt die Kunden von Parkstrom<\/h1>\n<p>[\/vc_custom_heading][vc_empty_space empty_h=&#8220;1&#8243;][vc_separator sep_color=&#8220;accent&#8220; css_animation=&#8220;zoom-in&#8220; el_height=&#8220;6px&#8220;][vc_empty_space empty_h=&#8220;0&#8243;][vc_custom_heading heading_semantic=&#8220;h4&#8243; text_size=&#8220;h4&#8243; uncode_shortcode_id=&#8220;545434&#8243;]<strong>Ladeinfrastrukturspezialist sichert den zuk\u00fcnftigen Betrieb<\/strong>[\/vc_custom_heading][vc_custom_heading text_color=&#8220;color-jevc&#8220; heading_semantic=&#8220;h4&#8243; text_size=&#8220;h5&#8243; text_weight=&#8220;300&#8243; text_height=&#8220;fontheight-524109&#8243; uncode_shortcode_id=&#8220;490377&#8243; text_color_type=&#8220;uncode-palette&#8220;]Berlin \/ Hannover, 5. September 2024 \u2013 Die GETEC mobility solutions GmbH, ein Beteiligungsunternehmen der GETEC Gruppe mit Hauptsitz in Hannover, \u00fcbernimmt die gesamten Kundenvertr\u00e4ge der insolventen Parkstrom GmbH.[\/vc_custom_heading][\/vc_column][\/vc_row][vc_row row_height_percent=&#8220;0&#8243; override_padding=&#8220;yes&#8220; h_padding=&#8220;2&#8243; top_padding=&#8220;2&#8243; bottom_padding=&#8220;2&#8243; back_color=&#8220;color-lxmt&#8220; overlay_alpha=&#8220;50&#8243; gutter_size=&#8220;3&#8243; column_width_percent=&#8220;100&#8243; shift_y=&#8220;0&#8243; z_index=&#8220;0&#8243; enable_top_divider=&#8220;default&#8220; top_divider_inv=&#8220;tilt&#8220; shape_top_invert=&#8220;yes&#8220; shape_top_h_use_pixel=&#8220;&#8220; shape_top_height=&#8220;150&#8243; shape_top_color=&#8220;color-xsdn&#8220; shape_top_opacity=&#8220;100&#8243; shape_top_index=&#8220;0&#8243; css=&#8220;.vc_custom_1590710273186{padding-top: 150px !important;}&#8220;][vc_column width=&#8220;1\/1&#8243;][vc_empty_space empty_h=&#8220;1&#8243;][vc_custom_heading text_color=&#8220;color-jevc&#8220; heading_semantic=&#8220;h6&#8243; text_size=&#8220;h6&#8243; text_weight=&#8220;300&#8243; text_height=&#8220;fontheight-524109&#8243; uncode_shortcode_id=&#8220;177709&#8243; text_color_type=&#8220;uncode-palette&#8220;]Am 4. September 2024 haben sich die GETEC mobility solutions und der Insolvenzverwalter, Knut Rebholz, auf die \u00dcbernahme verst\u00e4ndigt. Die Kunden der Parkstrom GmbH k\u00f6nnen somit auf einen stabilen und zukunftssicheren Partner z\u00e4hlen, der den Betrieb professionell und langfristig sicherstellt.[\/vc_custom_heading][vc_custom_heading text_color=&#8220;color-jevc&#8220; heading_semantic=&#8220;h6&#8243; text_size=&#8220;h6&#8243; text_weight=&#8220;300&#8243; text_height=&#8220;fontheight-524109&#8243; uncode_shortcode_id=&#8220;103005&#8243; text_color_type=&#8220;uncode-palette&#8220;]\u201eWir freuen uns, dass wir mit der GETEC mobility solution ein Unternehmen gefunden haben, das die notwendige Expertise im Bereich der E-Mobilit\u00e4t und die notwendige Leidenschaft zum Kunden mitbringt\u201c, so Knut Rebholz.[\/vc_custom_heading][vc_custom_heading text_color=&#8220;color-jevc&#8220; heading_semantic=&#8220;h6&#8243; text_size=&#8220;h6&#8243; text_weight=&#8220;300&#8243; text_height=&#8220;fontheight-524109&#8243; uncode_shortcode_id=&#8220;184865&#8243; text_color_type=&#8220;uncode-palette&#8220;]Moritz Matthies, Gesch\u00e4ftsf\u00fchrer der GETEC mobility solutions \u00e4u\u00dferte sich ebenfalls positiv: \u201eDie \u00dcbernahme der Parkstromkunden ist ein konsequenter Schritt im weiteren Wachstum der GETEC mobility solutions und eine tolle M\u00f6glichkeit, unser starkes organisches Wachstum zu flankieren. Wir freuen uns sehr, den neuen Kunden in der Weiterentwicklung ihres E-Mobilit\u00e4tsportfolios zu helfen und ihnen ggf. auch weitere Services GETEC Gruppe zug\u00e4nglich zu machen.\u201c[\/vc_custom_heading][vc_custom_heading text_color=&#8220;color-jevc&#8220; heading_semantic=&#8220;h6&#8243; text_size=&#8220;h6&#8243; text_weight=&#8220;300&#8243; text_height=&#8220;fontheight-524109&#8243; uncode_shortcode_id=&#8220;190844&#8243; text_color_type=&#8220;uncode-palette&#8220;]Mit dieser \u00dcbernahme st\u00e4rkt die GETEC mobility solutions GmbH ihre Position im Bereich der E-Mobilit\u00e4t und erweitert ihren Kundenkreis mit bekannten Logistikunternehmen, Ride-Share-Anbietern sowie Wohngesellschaften und Immobilienanbietern auf. F\u00fcr diese institutionellen Kunden k\u00f6nnen sich auch positive Effekte beispielsweise durch Power-Purchase-Agreements oder Energiemanagement-Services von anderen Unternehmen der GETEC Gruppe ergeben.[\/vc_custom_heading][vc_custom_heading text_color=&#8220;color-jevc&#8220; heading_semantic=&#8220;h6&#8243; text_size=&#8220;h6&#8243; text_weight=&#8220;300&#8243; text_height=&#8220;fontheight-524109&#8243; uncode_shortcode_id=&#8220;101800&#8243; text_color_type=&#8220;uncode-palette&#8220;]Die \u00dcbernahme der bisherigen Kundenvertr\u00e4ge erfolgt im September.[\/vc_custom_heading][vc_custom_heading text_color=&#8220;color-jevc&#8220; heading_semantic=&#8220;h6&#8243; text_size=&#8220;h6&#8243; text_weight=&#8220;300&#8243; text_height=&#8220;fontheight-524109&#8243; uncode_shortcode_id=&#8220;155578&#8243; text_color_type=&#8220;uncode-palette&#8220;]<strong>Die Parkstrom GmbH<\/strong>[\/vc_custom_heading][vc_custom_heading text_color=&#8220;color-jevc&#8220; heading_semantic=&#8220;h6&#8243; text_size=&#8220;h6&#8243; text_weight=&#8220;300&#8243; text_height=&#8220;fontheight-524109&#8243; uncode_shortcode_id=&#8220;660766&#8243; text_color_type=&#8220;uncode-palette&#8220;]Die Parkstrom GmbH, mit Sitz in Berlin, ist ein f\u00fchrender Anbieter von intelligenten Ladeinfrastrukturl\u00f6sungen f\u00fcr Elektrofahrzeuge. Seit ihrer Gr\u00fcndung hat sich das Unternehmen darauf spezialisiert, ma\u00dfgeschneiderte und nachhaltige Ladeinfrastrukturkonzepte f\u00fcr Unternehmen, Kommunen und private Nutzer zu entwickeln und umzusetzen. Mit einem umfassenden Serviceportfolio, das von der Beratung \u00fcber die Installation bis hin zum Betrieb von Ladeinfrastrukturen reicht, hat sich Parkstrom bis zuletzt als verl\u00e4sslicher Partner in der Elektromobilit\u00e4tsbranche etabliert. Zum 2. Mai 2024 hat das Unternehmen Insolvenz angemeldet.[\/vc_custom_heading][\/vc_column][\/vc_row][vc_row row_height_percent=&#8220;0&#8243; override_padding=&#8220;yes&#8220; h_padding=&#8220;2&#8243; top_padding=&#8220;5&#8243; bottom_padding=&#8220;3&#8243; back_color=&#8220;color-xsdn&#8220; overlay_alpha=&#8220;80&#8243; gutter_size=&#8220;3&#8243; column_width_percent=&#8220;100&#8243; shift_y=&#8220;0&#8243; z_index=&#8220;0&#8243; enable_top_divider=&#8220;default&#8220; top_divider_inv=&#8220;tilt&#8220; shape_top_invert=&#8220;yes&#8220; shape_top_h_use_pixel=&#8220;&#8220; shape_top_height=&#8220;150&#8243; shape_top_color=&#8220;color-lxmt&#8220; shape_top_opacity=&#8220;100&#8243; shape_top_index=&#8220;0&#8243; bottom_divider=&#8220;tilt&#8220;][vc_column column_width_percent=&#8220;100&#8243; position_horizontal=&#8220;left&#8220; position_vertical=&#8220;middle&#8220; gutter_size=&#8220;4&#8243; overlay_alpha=&#8220;50&#8243; shift_x=&#8220;0&#8243; shift_y=&#8220;0&#8243; shift_y_down=&#8220;0&#8243; z_index=&#8220;0&#8243; medium_width=&#8220;0&#8243; mobile_width=&#8220;0&#8243; width=&#8220;1\/1&#8243;][vc_empty_space empty_h=&#8220;1&#8243;][vc_row_inner row_inner_height_percent=&#8220;0&#8243; overlay_alpha=&#8220;50&#8243; equal_height=&#8220;yes&#8220; gutter_size=&#8220;3&#8243; shift_y=&#8220;0&#8243; z_index=&#8220;0&#8243;][vc_column_inner column_width_percent=&#8220;100&#8243; gutter_size=&#8220;3&#8243; overlay_alpha=&#8220;50&#8243; shift_x=&#8220;0&#8243; shift_y=&#8220;0&#8243; shift_y_down=&#8220;0&#8243; z_index=&#8220;0&#8243; medium_width=&#8220;0&#8243; mobile_width=&#8220;0&#8243; width=&#8220;7\/12&#8243; css=&#8220;.vc_custom_1592356088448{padding-right: 10px !important;}&#8220;][vc_custom_heading text_color=&#8220;color-jevc&#8220; text_size=&#8220;h4&#8243; text_weight=&#8220;700&#8243; text_transform=&#8220;uppercase&#8220; uncode_shortcode_id=&#8220;535134&#8243; text_color_type=&#8220;uncode-palette&#8220;]\u00dcber die GETEC mobility solutions[\/vc_custom_heading][vc_empty_space empty_h=&#8220;1&#8243;][vc_column_text uncode_shortcode_id=&#8220;107297&#8243;]Die GETEC mobility solutions GmbH ist ein in Deutschland f\u00fchrender Partner von Industrie- und Gewerbekunden f\u00fcr die Strategieentwicklung, Planung, Errichtung und den Betrieb von Ladeinfrastruktur f\u00fcr Kraftfahrzeuge. Als Teil der GETEC Gruppe erm\u00f6glicht das Unternehmen mit einem engen Installationsnetzwerk die Umsetzung bundesweit fl\u00e4chendeckender L\u00f6sungen. Als Systemdienstleister f\u00fcr Elektromobilit\u00e4t betreibt die GETEC mobility solutions eigene Ladepunkte und \u00fcbernimmt dar\u00fcber hinaus den Betrieb oder Teilbetriebsleistungen von Ladepunkten dritter CPOs und EMPs. GETEC betreibt hierbei mehr als 2.000 Ladepunkte in Deutschland.[\/vc_column_text][vc_custom_heading text_color=&#8220;color-jevc&#8220; text_size=&#8220;h4&#8243; text_weight=&#8220;700&#8243; text_transform=&#8220;uppercase&#8220; uncode_shortcode_id=&#8220;189379&#8243; text_color_type=&#8220;uncode-palette&#8220;]Die GETEC GRUPPE[\/vc_custom_heading][vc_empty_space empty_h=&#8220;1&#8243;][vc_column_text uncode_shortcode_id=&#8220;337876&#8243;]umfasst die GETEC Energie Holding GmbH als Verbund von Energiedienstleistungsunternehmen sowie deutschland- und europaweite Beteiligungen und Aktivit\u00e4ten im Immobilien- und Technologiebereich. Die Kompetenzen der einzelnen Unternehmen reichen von der Errichtung und dem Betrieb von Arealnetzen, dem Energiehandel \u00fcber die Entwicklung und den Ausbau regenerativer Energiel\u00f6sungen bis hin zur Rohstofferzeugung sowie der Medizin- und IT-Netzwerktechnik. Die GETEC Gruppe besch\u00e4ftigte im Jahr 2023 rund 1.100 Mitarbeiterinnen und Mitarbeiter und erwirtschaftete einen Umsatz von 3,77 Milliarden Euro.[\/vc_column_text][\/vc_column_inner][vc_column_inner column_width_percent=&#8220;100&#8243; gutter_size=&#8220;3&#8243; overlay_alpha=&#8220;50&#8243; border_color=&#8220;color-uydo&#8220; border_style=&#8220;solid&#8220; shift_x=&#8220;-2&#8243; shift_y=&#8220;0&#8243; shift_y_down=&#8220;0&#8243; z_index=&#8220;0&#8243; medium_visibility=&#8220;yes&#8220; medium_width=&#8220;0&#8243; mobile_visibility=&#8220;yes&#8220; mobile_width=&#8220;0&#8243; width=&#8220;1\/12&#8243; css=&#8220;.vc_custom_1590709566138{border-right-width: 1px !important;}&#8220;][\/vc_column_inner][vc_column_inner column_width_percent=&#8220;100&#8243; gutter_size=&#8220;3&#8243; overlay_alpha=&#8220;50&#8243; shift_x=&#8220;0&#8243; shift_y=&#8220;0&#8243; shift_y_down=&#8220;0&#8243; z_index=&#8220;0&#8243; medium_width=&#8220;0&#8243; mobile_width=&#8220;0&#8243; width=&#8220;4\/12&#8243;][vc_custom_heading text_color=&#8220;color-jevc&#8220; text_size=&#8220;h4&#8243; text_weight=&#8220;700&#8243; text_transform=&#8220;uppercase&#8220; uncode_shortcode_id=&#8220;182732&#8243; text_color_type=&#8220;uncode-palette&#8220;]Ansprechpartner f\u00fcr Medien[\/vc_custom_heading][vc_empty_space empty_h=&#8220;1&#8243;][vc_column_text uncode_shortcode_id=&#8220;773763&#8243;]Mathias Kreutzmann<br \/>\nUnternehmenskommunikation<br \/>\nGETEC ENERGIE Holding GmbH<br \/>\nTel: +49 511 121088-829<br \/>\nMobil: +49 160 9765 34 36<br \/>\n<a href=\"mailto:mathias.kreutzmann@getec-holding.de\">mathias.kreutzmann@getec-holding.de<\/a>[\/vc_column_text][\/vc_column_inner][\/vc_row_inner][vc_column_text]<\/p>\n<p style=\"text-align: justify\">Zum Betrachten etwaiger PDF-Files ben\u00f6tigen Sie den kostenfreien Adobe Acrobat-Reader. Sie k\u00f6nnen Sich dieses Programm\u00a0<a href=\"http:\/\/get.adobe.com\/de\/reader\/\" target=\"_blank\" rel=\"noopener noreferrer\">hier herunterladen<\/a>.<\/p>\n<p>[\/vc_column_text][vc_row_inner][vc_column_inner column_width_percent=&#8220;100&#8243; position_vertical=&#8220;middle&#8220; align_horizontal=&#8220;align_center&#8220; gutter_size=&#8220;3&#8243; overlay_alpha=&#8220;50&#8243; shift_x=&#8220;0&#8243; shift_y=&#8220;0&#8243; shift_y_down=&#8220;0&#8243; z_index=&#8220;0&#8243; medium_width=&#8220;0&#8243; mobile_width=&#8220;0&#8243; width=&#8220;1\/1&#8243;][uncode_share layout=&#8220;multiple&#8220; bigger=&#8220;yes&#8220; separator=&#8220;yes&#8220;][\/vc_column_inner][\/vc_row_inner][\/vc_column][\/vc_row]<\/p>\n<\/div>","protected":false},"excerpt":{"rendered":"<p>[vc_row row_height_percent=&#8220;0&#8243; back_color=&#8220;color-xsdn&#8220; overlay_alpha=&#8220;50&#8243; gutter_size=&#8220;3&#8243; column_width_percent=&#8220;100&#8243; shift_y=&#8220;0&#8243; z_index=&#8220;10&#8243; bottom_divider=&#8220;tilt&#8220;][vc_column width=&#8220;1\/1&#8243;][\/vc_column][\/vc_row][vc_row][vc_column column_width_percent=&#8220;100&#8243; gutter_size=&#8220;3&#8243; overlay_alpha=&#8220;50&#8243; shift_x=&#8220;0&#8243; shift_y=&#8220;0&#8243; shift_y_down=&#8220;0&#8243; z_index=&#8220;0&#8243; medium_width=&#8220;0&#8243; mobile_width=&#8220;0&#8243; width=&#8220;1\/1&#8243;][vc_custom_heading [&hellip;]<\/p>\n","protected":false},"author":67,"featured_media":87772,"comment_status":"closed","ping_status":"closed","sticky":false,"template":"","format":"standard","meta":{"_relevanssi_hide_post":"","_relevanssi_hide_content":"","_relevanssi_pin_for_all":"","_relevanssi_pin_keywords":"","_relevanssi_unpin_keywords":"","_relevanssi_related_keywords":"","_relevanssi_related_include_ids":"","_relevanssi_related_exclude_ids":"","_relevanssi_related_no_append":"","_relevanssi_related_not_related":"","_relevanssi_related_posts":"","_relevanssi_noindex_reason":"","footnotes":"","_links_to":"","_links_to_target":""},"categories":[77],"tags":[],"class_list":["post-87768","post","type-post","status-publish","format-standard","has-post-thumbnail","hentry","category-news-getec-gruppe"],"_links":{"self":[{"href":"https:\/\/www.getec.de\/de\/wp-json\/wp\/v2\/posts\/87768","targetHints":{"allow":["GET"]}}],"collection":[{"href":"https:\/\/www.getec.de\/de\/wp-json\/wp\/v2\/posts"}],"about":[{"href":"https:\/\/www.getec.de\/de\/wp-json\/wp\/v2\/types\/post"}],"author":[{"embeddable":true,"href":"https:\/\/www.getec.de\/de\/wp-json\/wp\/v2\/users\/67"}],"replies":[{"embeddable":true,"href":"https:\/\/www.getec.de\/de\/wp-json\/wp\/v2\/comments?post=87768"}],"version-history":[{"count":6,"href":"https:\/\/www.getec.de\/de\/wp-json\/wp\/v2\/posts\/87768\/revisions"}],"predecessor-version":[{"id":87779,"href":"https:\/\/www.getec.de\/de\/wp-json\/wp\/v2\/posts\/87768\/revisions\/87779"}],"wp:featuredmedia":[{"embeddable":true,"href":"https:\/\/www.getec.de\/de\/wp-json\/wp\/v2\/media\/87772"}],"wp:attachment":[{"href":"https:\/\/www.getec.de\/de\/wp-json\/wp\/v2\/media?parent=87768"}],"wp:term":[{"taxonomy":"category","embeddable":true,"href":"https:\/\/www.getec.de\/de\/wp-json\/wp\/v2\/categories?post=87768"},{"taxonomy":"post_tag","embeddable":true,"href":"https:\/\/www.getec.de\/de\/wp-json\/wp\/v2\/tags?post=87768"}],"curies":[{"name":"wp","href":"https:\/\/api.w.org\/{rel}","templated":true}]}}