{"id":83832,"date":"2016-08-10T11:42:49","date_gmt":"2016-08-10T09:42:49","guid":{"rendered":"http:\/\/wordpress.p532894.webspaceconfig.de\/?p=83832"},"modified":"2020-07-17T01:34:34","modified_gmt":"2020-07-16T23:34:34","slug":"getec-arena-behalt-ihren-namen","status":"publish","type":"post","link":"https:\/\/www.getec.de\/en\/getec-arena-behalt-ihren-namen\/","title":{"rendered":"GETEC-Arena beh\u00e4lt ihren Namen"},"content":{"rendered":"<div class=\"wpb-content-wrapper\"><p>[vc_row row_height_percent=&#8221;0&#8243; overlay_alpha=&#8221;50&#8243; gutter_size=&#8221;3&#8243; column_width_percent=&#8221;100&#8243; shift_y=&#8221;0&#8243; z_index=&#8221;10&#8243; enable_bottom_divider=&#8221;default&#8221; bottom_divider=&#8221;tilt&#8221; shape_bottom_h_use_pixel=&#8221;&#8221; shape_bottom_height=&#8221;150&#8243; shape_bottom_color=&#8221;color-xsdn&#8221; shape_bottom_opacity=&#8221;100&#8243; shape_bottom_index=&#8221;0&#8243; css=&#8221;.vc_custom_1594942472421{margin-top: -150px !important;}&#8221; shape_dividers=&#8221;&#8221;][vc_column width=&#8221;1\/1&#8243;][\/vc_column][\/vc_row][vc_row row_height_percent=&#8221;0&#8243; back_color=&#8221;color-xsdn&#8221; overlay_alpha=&#8221;50&#8243; gutter_size=&#8221;3&#8243; column_width_percent=&#8221;100&#8243; shift_y=&#8221;0&#8243; z_index=&#8221;10&#8243; bottom_divider=&#8221;tilt&#8221;][vc_column width=&#8221;1\/1&#8243;][\/vc_column][\/vc_row][vc_row][vc_column column_width_percent=&#8221;100&#8243; gutter_size=&#8221;3&#8243; overlay_alpha=&#8221;50&#8243; shift_x=&#8221;0&#8243; shift_y=&#8221;0&#8243; shift_y_down=&#8221;0&#8243; z_index=&#8221;0&#8243; medium_width=&#8221;0&#8243; mobile_width=&#8221;0&#8243; width=&#8221;1\/1&#8243;][vc_custom_heading heading_semantic=&#8221;h3&#8243; text_size=&#8221;h3&#8243; text_weight=&#8221;300&#8243; text_color=&#8221;color-jevc&#8221;]10. August 2016[\/vc_custom_heading][vc_custom_heading heading_semantic=&#8221;h3&#8243; text_size=&#8221;h3&#8243; text_weight=&#8221;700&#8243; text_transform=&#8221;uppercase&#8221; text_color=&#8221;color-jevc&#8221;]<\/p>\n<h1 class=\"post-title\">GETEC-Arena beh\u00e4lt ihren Namen<\/h1>\n<p>[\/vc_custom_heading][vc_empty_space empty_h=&#8221;1&#8243;][vc_separator sep_color=&#8221;accent&#8221; css_animation=&#8221;zoom-in&#8221; el_height=&#8221;6px&#8221;][vc_empty_space empty_h=&#8221;0&#8243;][vc_custom_heading heading_semantic=&#8221;h4&#8243; text_size=&#8221;h4&#8243; text_weight=&#8221;300&#8243; text_height=&#8221;fontheight-524109&#8243; text_color=&#8221;color-jevc&#8221;]<\/p>\n<div style=\"text-align: justify;\">Die GETEC bleibt Namensgeber der GETEC-Arena. Die entsprechenden Vertr\u00e4ge sind jetzt unterzeichnet worden. Damit hat GETEC die Namensrechte an der Spielst\u00e4tte f\u00fcr weitere f\u00fcnf Jahre erworben.<\/div>\n<p>[\/vc_custom_heading][\/vc_column][\/vc_row][vc_row row_height_percent=&#8221;0&#8243; override_padding=&#8221;yes&#8221; h_padding=&#8221;2&#8243; top_padding=&#8221;2&#8243; bottom_padding=&#8221;2&#8243; back_color=&#8221;color-lxmt&#8221; overlay_alpha=&#8221;50&#8243; gutter_size=&#8221;3&#8243; column_width_percent=&#8221;100&#8243; shift_y=&#8221;0&#8243; z_index=&#8221;0&#8243; enable_top_divider=&#8221;default&#8221; top_divider_inv=&#8221;tilt&#8221; shape_top_invert=&#8221;yes&#8221; shape_top_h_use_pixel=&#8221;&#8221; shape_top_height=&#8221;150&#8243; shape_top_color=&#8221;color-xsdn&#8221; shape_top_opacity=&#8221;100&#8243; shape_top_index=&#8221;0&#8243; css=&#8221;.vc_custom_1590710273186{padding-top: 150px !important;}&#8221;][vc_column width=&#8221;1\/1&#8243;][vc_empty_space empty_h=&#8221;1&#8243;][vc_custom_heading heading_semantic=&#8221;h6&#8243; text_size=&#8221;h6&#8243; text_weight=&#8221;300&#8243; text_height=&#8221;fontheight-524109&#8243; text_color=&#8221;color-jevc&#8221;]\u201eDie Atmosph\u00e4re hier in der GETEC-Arena ist sehr besonders. Das wei\u00df jeder, der hier schon einmal ein Spiel des SCM miterlebt hat. Mit dem erneuten Erwerb der Namensrechte helfen wir die Zukunft des Magdeburger Handballs an seiner Spielst\u00e4tte zu sichern\u201c, so Dr. Karl Gerhold bei der Unterzeichnung der Vertr\u00e4ge.\u00a0\u201eMit GETEC haben wir einen starken Partner an der Seite des SCM. Das gibt uns Planungssicherheit und unterst\u00fctzt den SC Magdeburg bei seiner sportlichen Entwicklung. Wir sind daher zuversichtlich, dass wir auch in der kommenden Saison wieder hervorragende Leistungen bringen werden\u201c, so Marc-Henrik Schmedt, Gesch\u00e4ftsf\u00fchrer der Handball Magdeburg GmbH.\u00a0\u201eGETEC ist \u00fcberregional bekannt und mittlerweile hat sich der Name GETEC-Arena auch im Sportsektor etabliert. Mit GETEC verbindet man Verl\u00e4sslichkeit und Partnerschaftlichkeit. Im sportlichen als auch im unternehmerischen Sinne Eigenschaften, die unerl\u00e4sslich sind\u201c, fasst Steffen Sch\u00fcller, Gesch\u00e4ftsf\u00fchrer des Spielst\u00e4ttenbetreibers MVGM zusammen.\u00a0Die GETEC-Arena ist die Spielst\u00e4tte der Handballer des SC Magdeburg. Im Jahr 2011 hatte die Landeshauptstadt Magdeburg mit einer Ausschreibung nach einem Namensgeber f\u00fcr die damalige B\u00f6rdelandhalle gesucht. Der Magdeburger Stadtrat hatte die Namensrechte an GETEC vergeben.\u00a0GETEC engagiert sich bereits mehr als 15 Jahre f\u00fcr den SC Magdeburg. GETEC ist Hauptsponsor der Handballer.[\/vc_custom_heading][vc_empty_space empty_h=&#8221;1&#8243;][\/vc_column][\/vc_row][vc_row row_height_percent=&#8221;0&#8243; override_padding=&#8221;yes&#8221; h_padding=&#8221;2&#8243; top_padding=&#8221;5&#8243; bottom_padding=&#8221;3&#8243; back_color=&#8221;color-xsdn&#8221; overlay_alpha=&#8221;80&#8243; gutter_size=&#8221;3&#8243; column_width_percent=&#8221;100&#8243; shift_y=&#8221;0&#8243; z_index=&#8221;0&#8243; enable_top_divider=&#8221;default&#8221; top_divider_inv=&#8221;tilt&#8221; shape_top_invert=&#8221;yes&#8221; shape_top_h_use_pixel=&#8221;&#8221; shape_top_height=&#8221;150&#8243; shape_top_color=&#8221;color-lxmt&#8221; shape_top_opacity=&#8221;100&#8243; shape_top_index=&#8221;0&#8243; bottom_divider=&#8221;tilt&#8221;][vc_column column_width_percent=&#8221;100&#8243; position_horizontal=&#8221;left&#8221; position_vertical=&#8221;middle&#8221; gutter_size=&#8221;4&#8243; overlay_alpha=&#8221;50&#8243; shift_x=&#8221;0&#8243; shift_y=&#8221;0&#8243; shift_y_down=&#8221;0&#8243; z_index=&#8221;0&#8243; medium_width=&#8221;0&#8243; mobile_width=&#8221;0&#8243; width=&#8221;1\/1&#8243;][vc_empty_space empty_h=&#8221;1&#8243;][vc_row_inner row_inner_height_percent=&#8221;0&#8243; overlay_alpha=&#8221;50&#8243; equal_height=&#8221;yes&#8221; gutter_size=&#8221;3&#8243; shift_y=&#8221;0&#8243; z_index=&#8221;0&#8243;][vc_column_inner column_width_percent=&#8221;100&#8243; gutter_size=&#8221;3&#8243; overlay_alpha=&#8221;50&#8243; shift_x=&#8221;0&#8243; shift_y=&#8221;0&#8243; shift_y_down=&#8221;0&#8243; z_index=&#8221;0&#8243; medium_width=&#8221;0&#8243; mobile_width=&#8221;0&#8243; width=&#8221;7\/12&#8243; css=&#8221;.vc_custom_1592356088448{padding-right: 10px !important;}&#8221;][vc_custom_heading text_size=&#8221;h4&#8243; text_weight=&#8221;700&#8243; text_transform=&#8221;uppercase&#8221; text_color=&#8221;color-jevc&#8221;]\u00dcber die GETEC GRUPPE[\/vc_custom_heading][vc_custom_heading heading_semantic=&#8221;h6&#8243; text_size=&#8221;h6&#8243; text_weight=&#8221;300&#8243; text_height=&#8221;fontheight-524109&#8243; text_color=&#8221;color-jevc&#8221;]Die GETEC Energie Holding GmbH ist ein Energiedienstleistungsunternehmensverbund und bildet zusammen mit ihren deutschland- und europaweiten Beteiligungen und Aktivit\u00e4ten im Immobilienbereich die GETEC GRUPPE. Die Expertisen und F\u00e4higkeiten der verschiedenen Gesellschaften reichen von der Errichtung und dem Betrieb von Arealnetzen, dem Energiehandel bis hin zur Entwicklung und dem Ausbau regenerativer Energiel\u00f6sungen.[\/vc_custom_heading][\/vc_column_inner][vc_column_inner column_width_percent=&#8221;100&#8243; gutter_size=&#8221;3&#8243; overlay_alpha=&#8221;50&#8243; border_color=&#8221;color-uydo&#8221; border_style=&#8221;solid&#8221; shift_x=&#8221;-2&#8243; shift_y=&#8221;0&#8243; shift_y_down=&#8221;0&#8243; z_index=&#8221;0&#8243; medium_visibility=&#8221;yes&#8221; medium_width=&#8221;0&#8243; mobile_visibility=&#8221;yes&#8221; mobile_width=&#8221;0&#8243; width=&#8221;1\/12&#8243; css=&#8221;.vc_custom_1590709566138{border-right-width: 1px !important;}&#8221;][\/vc_column_inner][vc_column_inner column_width_percent=&#8221;100&#8243; gutter_size=&#8221;3&#8243; overlay_alpha=&#8221;50&#8243; shift_x=&#8221;0&#8243; shift_y=&#8221;0&#8243; shift_y_down=&#8221;0&#8243; z_index=&#8221;0&#8243; medium_width=&#8221;0&#8243; mobile_width=&#8221;0&#8243; width=&#8221;4\/12&#8243;][vc_custom_heading text_size=&#8221;h4&#8243; text_weight=&#8221;700&#8243; text_transform=&#8221;uppercase&#8221; text_color=&#8221;color-jevc&#8221;]Pressekontakt[\/vc_custom_heading][vc_empty_space empty_h=&#8221;1&#8243;][vc_column_text]<\/p>\n<h4><span style=\"color: #727879;\"><strong>GETEC GRUPPE GmbH<\/strong><\/span><\/h4>\n<p><strong>Nele Gawinski<\/strong><br \/>\nKonzernentwicklung &amp; -steuerung<br \/>\nTelefon: <span style=\"color: #727879;\"><a style=\"color: #727879;\" href=\"tel:+49121088652\">+49 (0) 511 121088-635<\/a><\/span><br \/>\nE-Mail:\u00a0<span style=\"color: #727879;\"><a style=\"color: #727879;\" href=\"mailto:presse@getec-holding.de\">presse@getec-holding.de <\/a><\/span>[\/vc_column_text][vc_column_text]<\/p>\n<p style=\"text-align: justify;\">Zum Betrachten etwaiger PDF-Files ben\u00f6tigen Sie den kostenfreien Adobe Acrobat-Reader. Sie k\u00f6nnen Sich dieses Programm\u00a0<a href=\"http:\/\/get.adobe.com\/de\/reader\/\" target=\"_blank\" rel=\"noopener noreferrer\">hier herunterladen<\/a>.<\/p>\n<p>[\/vc_column_text][\/vc_column_inner][\/vc_row_inner][vc_row_inner][vc_column_inner column_width_percent=&#8221;100&#8243; position_vertical=&#8221;middle&#8221; align_horizontal=&#8221;align_center&#8221; gutter_size=&#8221;3&#8243; overlay_alpha=&#8221;50&#8243; shift_x=&#8221;0&#8243; shift_y=&#8221;0&#8243; shift_y_down=&#8221;0&#8243; z_index=&#8221;0&#8243; medium_width=&#8221;0&#8243; mobile_width=&#8221;0&#8243; width=&#8221;1\/1&#8243;][uncode_share layout=&#8221;multiple&#8221; bigger=&#8221;yes&#8221; separator=&#8221;yes&#8221;][\/vc_column_inner][\/vc_row_inner][\/vc_column][\/vc_row]<\/p>\n<\/div>","protected":false},"excerpt":{"rendered":"<p>[vc_row row_height_percent=&#8221;0&#8243; overlay_alpha=&#8221;50&#8243; gutter_size=&#8221;3&#8243; column_width_percent=&#8221;100&#8243; shift_y=&#8221;0&#8243; z_index=&#8221;10&#8243; enable_bottom_divider=&#8221;default&#8221; bottom_divider=&#8221;tilt&#8221; shape_bottom_h_use_pixel=&#8221;&#8221; shape_bottom_height=&#8221;150&#8243; shape_bottom_color=&#8221;color-xsdn&#8221; shape_bottom_opacity=&#8221;100&#8243; shape_bottom_index=&#8221;0&#8243; css=&#8221;.vc_custom_1594942472421{margin-top: -150px !important;}&#8221; shape_dividers=&#8221;&#8221;][vc_column width=&#8221;1\/1&#8243;][\/vc_column][\/vc_row][vc_row row_height_percent=&#8221;0&#8243; [&hellip;]<\/p>\n","protected":false},"author":17,"featured_media":84158,"comment_status":"closed","ping_status":"open","sticky":false,"template":"","format":"standard","meta":{"_relevanssi_hide_post":"","_relevanssi_hide_content":"","_relevanssi_pin_for_all":"","_relevanssi_pin_keywords":"","_relevanssi_unpin_keywords":"","_relevanssi_related_keywords":"","_relevanssi_related_include_ids":"","_relevanssi_related_exclude_ids":"","_relevanssi_related_no_append":"","_relevanssi_related_not_related":"","_relevanssi_related_posts":"","_relevanssi_noindex_reason":"","footnotes":"","_links_to":"","_links_to_target":""},"categories":[77],"tags":[],"class_list":["post-83832","post","type-post","status-publish","format-standard","has-post-thumbnail","hentry","category-news-getec-gruppe"],"_links":{"self":[{"href":"https:\/\/www.getec.de\/en\/wp-json\/wp\/v2\/posts\/83832","targetHints":{"allow":["GET"]}}],"collection":[{"href":"https:\/\/www.getec.de\/en\/wp-json\/wp\/v2\/posts"}],"about":[{"href":"https:\/\/www.getec.de\/en\/wp-json\/wp\/v2\/types\/post"}],"author":[{"embeddable":true,"href":"https:\/\/www.getec.de\/en\/wp-json\/wp\/v2\/users\/17"}],"replies":[{"embeddable":true,"href":"https:\/\/www.getec.de\/en\/wp-json\/wp\/v2\/comments?post=83832"}],"version-history":[{"count":6,"href":"https:\/\/www.getec.de\/en\/wp-json\/wp\/v2\/posts\/83832\/revisions"}],"predecessor-version":[{"id":84429,"href":"https:\/\/www.getec.de\/en\/wp-json\/wp\/v2\/posts\/83832\/revisions\/84429"}],"wp:featuredmedia":[{"embeddable":true,"href":"https:\/\/www.getec.de\/en\/wp-json\/wp\/v2\/media\/84158"}],"wp:attachment":[{"href":"https:\/\/www.getec.de\/en\/wp-json\/wp\/v2\/media?parent=83832"}],"wp:term":[{"taxonomy":"category","embeddable":true,"href":"https:\/\/www.getec.de\/en\/wp-json\/wp\/v2\/categories?post=83832"},{"taxonomy":"post_tag","embeddable":true,"href":"https:\/\/www.getec.de\/en\/wp-json\/wp\/v2\/tags?post=83832"}],"curies":[{"name":"wp","href":"https:\/\/api.w.org\/{rel}","templated":true}]}}