{"id":83835,"date":"2016-06-28T11:45:42","date_gmt":"2016-06-28T09:45:42","guid":{"rendered":"http:\/\/wordpress.p532894.webspaceconfig.de\/?p=83835"},"modified":"2020-07-17T01:34:40","modified_gmt":"2020-07-16T23:34:40","slug":"fdp-bundesvorsitzender-christian-lindner-zu-gast-bei-getec-sommerfest","status":"publish","type":"post","link":"https:\/\/www.getec.de\/en\/fdp-bundesvorsitzender-christian-lindner-zu-gast-bei-getec-sommerfest\/","title":{"rendered":"FDP-Bundesvorsitzender Christian Lindner zu Gast bei GETEC-Sommerfest"},"content":{"rendered":"<div class=\"wpb-content-wrapper\"><p>[vc_row row_height_percent=&#8221;0&#8243; overlay_alpha=&#8221;50&#8243; gutter_size=&#8221;3&#8243; column_width_percent=&#8221;100&#8243; shift_y=&#8221;0&#8243; z_index=&#8221;10&#8243; enable_bottom_divider=&#8221;default&#8221; bottom_divider=&#8221;tilt&#8221; shape_bottom_h_use_pixel=&#8221;&#8221; shape_bottom_height=&#8221;150&#8243; shape_bottom_color=&#8221;color-xsdn&#8221; shape_bottom_opacity=&#8221;100&#8243; shape_bottom_index=&#8221;0&#8243; css=&#8221;.vc_custom_1594942479104{margin-top: -150px !important;}&#8221; shape_dividers=&#8221;&#8221;][vc_column width=&#8221;1\/1&#8243;][\/vc_column][\/vc_row][vc_row row_height_percent=&#8221;0&#8243; back_color=&#8221;color-xsdn&#8221; overlay_alpha=&#8221;50&#8243; gutter_size=&#8221;3&#8243; column_width_percent=&#8221;100&#8243; shift_y=&#8221;0&#8243; z_index=&#8221;10&#8243; bottom_divider=&#8221;tilt&#8221;][vc_column width=&#8221;1\/1&#8243;][\/vc_column][\/vc_row][vc_row][vc_column column_width_percent=&#8221;100&#8243; gutter_size=&#8221;3&#8243; overlay_alpha=&#8221;50&#8243; shift_x=&#8221;0&#8243; shift_y=&#8221;0&#8243; shift_y_down=&#8221;0&#8243; z_index=&#8221;0&#8243; medium_width=&#8221;0&#8243; mobile_width=&#8221;0&#8243; width=&#8221;1\/1&#8243;][vc_custom_heading heading_semantic=&#8221;h3&#8243; text_size=&#8221;h3&#8243; text_weight=&#8221;300&#8243; text_color=&#8221;color-jevc&#8221;]28. Juni 2016[\/vc_custom_heading][vc_custom_heading heading_semantic=&#8221;h3&#8243; text_size=&#8221;h3&#8243; text_weight=&#8221;700&#8243; text_transform=&#8221;uppercase&#8221; text_color=&#8221;color-jevc&#8221;]<\/p>\n<h1 class=\"post-title\">FDP-Bundesvorsitzender Christian Lindner zu Gast bei GETEC-Sommerfest<\/h1>\n<p>[\/vc_custom_heading][vc_empty_space empty_h=&#8221;1&#8243;][vc_separator sep_color=&#8221;accent&#8221; css_animation=&#8221;zoom-in&#8221; el_height=&#8221;6px&#8221;][vc_empty_space empty_h=&#8221;0&#8243;][vc_custom_heading heading_semantic=&#8221;h4&#8243; text_size=&#8221;h4&#8243; text_weight=&#8221;300&#8243; text_height=&#8221;fontheight-524109&#8243; text_color=&#8221;color-jevc&#8221;]<\/p>\n<div style=\"text-align: justify;\">In guter Tradition fand das GETEC-Sommerfest\u00a0 auch in diesem Jahr auf dem Firmengel\u00e4nde des Magdeburger Energiedienstleisters in der Albert-Vater-Stra\u00dfe statt. Mehr als 800 G\u00e4ste folgten der Einladung und feierten gemeinsam mit den GETEC-Mitarbeitern, darunter Justizministerin Anne-Marie Keding, Verkehrsminister Thomas Webel sowie weitere Mitglieder der Landesregierung und Spitzenvertreter aus Land und Kommunen. Diesj\u00e4hriger Ehrengast war FDP-Bundesvorsitzender Christian Lindner.<\/div>\n<p>[\/vc_custom_heading][\/vc_column][\/vc_row][vc_row row_height_percent=&#8221;0&#8243; override_padding=&#8221;yes&#8221; h_padding=&#8221;2&#8243; top_padding=&#8221;2&#8243; bottom_padding=&#8221;2&#8243; back_color=&#8221;color-lxmt&#8221; overlay_alpha=&#8221;50&#8243; gutter_size=&#8221;3&#8243; column_width_percent=&#8221;100&#8243; shift_y=&#8221;0&#8243; z_index=&#8221;0&#8243; enable_top_divider=&#8221;default&#8221; top_divider_inv=&#8221;tilt&#8221; shape_top_invert=&#8221;yes&#8221; shape_top_h_use_pixel=&#8221;&#8221; shape_top_height=&#8221;150&#8243; shape_top_color=&#8221;color-xsdn&#8221; shape_top_opacity=&#8221;100&#8243; shape_top_index=&#8221;0&#8243; css=&#8221;.vc_custom_1590710273186{padding-top: 150px !important;}&#8221;][vc_column width=&#8221;1\/1&#8243;][vc_empty_space empty_h=&#8221;1&#8243;][vc_custom_heading heading_semantic=&#8221;h6&#8243; text_size=&#8221;h6&#8243; text_weight=&#8221;300&#8243; text_height=&#8221;fontheight-524109&#8243; text_color=&#8221;color-jevc&#8221;]GETEC-Konzernchef Dr. Karl Gerhold begr\u00fc\u00dfte bei tropischen Temperaturen die zahlreichen G\u00e4ste aus Politik und Gesellschaft und dankte Kunden und Gesch\u00e4ftspartnern f\u00fcr das in GETEC gesetztes Vertrauen. Sachsen-Anhalt sei immer f\u00fcr eine \u00dcberraschung gut und daher gebe es nun nach den j\u00fcngsten Landtagswahlen eine \u201eKenia-Koalition\u201c, so Gerhold. Um nach dem knapp verpassten Einzug der FDP in den Landtag das liberale Element in Sachsen-Anhalt doch noch zur Geltung zu bringen, habe er f\u00fcr dieses Jahr den FDP &#8211; Bundesvorsitzenden Christian Lindner eingeladen.[\/vc_custom_heading][vc_custom_heading heading_semantic=&#8221;h6&#8243; text_size=&#8221;h6&#8243; text_weight=&#8221;300&#8243; text_height=&#8221;fontheight-524109&#8243; text_color=&#8221;color-jevc&#8221;]Christian Lindner w\u00fcrdigte GETEC in seinem Gru\u00dfwort als starkes und erfolgreiches Unternehmen. Den von Dr. Gerhold gespielten Ball nahm er im folgenden launig an. Zuerst habe er ja gedacht, er sei nach Magdeburg eingeladen worden, damit mal wieder ein \u00fcberzeugter Marktwirtschaftler zu Wort kommt. Nach der Begr\u00fc\u00dfung von Dr. Gerhold wisse er aber nun, dass dies lediglich \u201eTeil des karitativen Engagements der GETEC GRUPPE\u201c sei, so Lindner augenzwinkernd. Ernster fuhr er zum aktuellen Thema Brexit fort und bezeichnete ihn als \u201eZ\u00e4sur f\u00fcr Europa\u201c. Lindner appellierte an Berlin und Br\u00fcssel, daraus nun die richtigen Schl\u00fcsse zu ziehen. Europa m\u00fcsse besser werden, nicht b\u00fcrokratischer.[\/vc_custom_heading][vc_custom_heading heading_semantic=&#8221;h6&#8243; text_size=&#8221;h6&#8243; text_weight=&#8221;300&#8243; text_height=&#8221;fontheight-524109&#8243; text_color=&#8221;color-jevc&#8221;]Das GETEC-Sommerfest fand 1997 erstmals in der Albert-Vater-Stra\u00dfe in Magdeburg statt. Das Wetter hat GETEC noch in keinem Jahr im Stich gelassen. So boten die warmen Temperaturen auch diesmal beste Voraussetzungen f\u00fcr ein buntes Unterhaltungsprogramm: die brasilianischen Rhythmen der Samba-Gruppe \u201eSamba Show Brasil\u201c versetzten alle G\u00e4ste in fr\u00f6hliche Sommerstimmung. Die Kinder der vor zwei Jahren er\u00f6ffneten GETEC-Kita hatten eigens f\u00fcr das Sommerfest ein sommerliches St\u00e4ndchen vorbereitet. IPad-Schnellzeichner Stefan Wirkus sorgte mit Karikaturen und Portr\u00e4ts f\u00fcr staunende Gesichter bei den G\u00e4sten. Und f\u00fcr das leibliche Wohl der G\u00e4ste war nat\u00fcrlich auch gesorgt. Neben einem abwechslungsreichen Buffet und K\u00f6stlichkeiten vom Grill gab es eine Cocktailbar und einen historischen Eiswagen.[\/vc_custom_heading][vc_empty_space empty_h=&#8221;1&#8243;][\/vc_column][\/vc_row][vc_row row_height_percent=&#8221;0&#8243; override_padding=&#8221;yes&#8221; h_padding=&#8221;2&#8243; top_padding=&#8221;5&#8243; bottom_padding=&#8221;3&#8243; back_color=&#8221;color-xsdn&#8221; overlay_alpha=&#8221;80&#8243; gutter_size=&#8221;3&#8243; column_width_percent=&#8221;100&#8243; shift_y=&#8221;0&#8243; z_index=&#8221;0&#8243; enable_top_divider=&#8221;default&#8221; top_divider_inv=&#8221;tilt&#8221; shape_top_invert=&#8221;yes&#8221; shape_top_h_use_pixel=&#8221;&#8221; shape_top_height=&#8221;150&#8243; shape_top_color=&#8221;color-lxmt&#8221; shape_top_opacity=&#8221;100&#8243; shape_top_index=&#8221;0&#8243; bottom_divider=&#8221;tilt&#8221;][vc_column column_width_percent=&#8221;100&#8243; position_horizontal=&#8221;left&#8221; position_vertical=&#8221;middle&#8221; gutter_size=&#8221;4&#8243; overlay_alpha=&#8221;50&#8243; shift_x=&#8221;0&#8243; shift_y=&#8221;0&#8243; shift_y_down=&#8221;0&#8243; z_index=&#8221;0&#8243; medium_width=&#8221;0&#8243; mobile_width=&#8221;0&#8243; width=&#8221;1\/1&#8243;][vc_empty_space empty_h=&#8221;1&#8243;][vc_row_inner row_inner_height_percent=&#8221;0&#8243; overlay_alpha=&#8221;50&#8243; equal_height=&#8221;yes&#8221; gutter_size=&#8221;3&#8243; shift_y=&#8221;0&#8243; z_index=&#8221;0&#8243;][vc_column_inner column_width_percent=&#8221;100&#8243; gutter_size=&#8221;3&#8243; overlay_alpha=&#8221;50&#8243; shift_x=&#8221;0&#8243; shift_y=&#8221;0&#8243; shift_y_down=&#8221;0&#8243; z_index=&#8221;0&#8243; medium_width=&#8221;0&#8243; mobile_width=&#8221;0&#8243; width=&#8221;7\/12&#8243; css=&#8221;.vc_custom_1592356088448{padding-right: 10px !important;}&#8221;][vc_custom_heading text_size=&#8221;h4&#8243; text_weight=&#8221;700&#8243; text_transform=&#8221;uppercase&#8221; text_color=&#8221;color-jevc&#8221;]\u00dcber die GETEC GRUPPE[\/vc_custom_heading][vc_custom_heading heading_semantic=&#8221;h6&#8243; text_size=&#8221;h6&#8243; text_weight=&#8221;300&#8243; text_height=&#8221;fontheight-524109&#8243; text_color=&#8221;color-jevc&#8221;]Die GETEC Energie Holding GmbH ist ein Energiedienstleistungsunternehmensverbund und bildet zusammen mit ihren deutschland- und europaweiten Beteiligungen und Aktivit\u00e4ten im Immobilienbereich die GETEC GRUPPE. Die Expertisen und F\u00e4higkeiten der verschiedenen Gesellschaften reichen von der Errichtung und dem Betrieb von Arealnetzen, dem Energiehandel bis hin zur Entwicklung und dem Ausbau regenerativer Energiel\u00f6sungen.[\/vc_custom_heading][\/vc_column_inner][vc_column_inner column_width_percent=&#8221;100&#8243; gutter_size=&#8221;3&#8243; overlay_alpha=&#8221;50&#8243; border_color=&#8221;color-uydo&#8221; border_style=&#8221;solid&#8221; shift_x=&#8221;-2&#8243; shift_y=&#8221;0&#8243; shift_y_down=&#8221;0&#8243; z_index=&#8221;0&#8243; medium_visibility=&#8221;yes&#8221; medium_width=&#8221;0&#8243; mobile_visibility=&#8221;yes&#8221; mobile_width=&#8221;0&#8243; width=&#8221;1\/12&#8243; css=&#8221;.vc_custom_1590709566138{border-right-width: 1px !important;}&#8221;][\/vc_column_inner][vc_column_inner column_width_percent=&#8221;100&#8243; gutter_size=&#8221;3&#8243; overlay_alpha=&#8221;50&#8243; shift_x=&#8221;0&#8243; shift_y=&#8221;0&#8243; shift_y_down=&#8221;0&#8243; z_index=&#8221;0&#8243; medium_width=&#8221;0&#8243; mobile_width=&#8221;0&#8243; width=&#8221;4\/12&#8243;][vc_custom_heading text_size=&#8221;h4&#8243; text_weight=&#8221;700&#8243; text_transform=&#8221;uppercase&#8221; text_color=&#8221;color-jevc&#8221;]Pressekontakt[\/vc_custom_heading][vc_empty_space empty_h=&#8221;1&#8243;][vc_column_text]<\/p>\n<h4><span style=\"color: #727879;\"><strong>GETEC GRUPPE GmbH<\/strong><\/span><\/h4>\n<p><strong>Nele Gawinski<\/strong><br \/>\nKonzernentwicklung &amp; -steuerung<br \/>\nTelefon: <span style=\"color: #727879;\"><a style=\"color: #727879;\" href=\"tel:+49121088652\">+49 (0) 511 121088-635<\/a><\/span><br \/>\nE-Mail:\u00a0<span style=\"color: #727879;\"><a style=\"color: #727879;\" href=\"mailto:presse@getec-holding.de\">presse@getec-holding.de <\/a><\/span>[\/vc_column_text][vc_column_text]<\/p>\n<p style=\"text-align: justify;\">Zum Betrachten etwaiger PDF-Files ben\u00f6tigen Sie den kostenfreien Adobe Acrobat-Reader. Sie k\u00f6nnen Sich dieses Programm\u00a0<a href=\"http:\/\/get.adobe.com\/de\/reader\/\" target=\"_blank\" rel=\"noopener noreferrer\">hier herunterladen<\/a>.<\/p>\n<p>[\/vc_column_text][\/vc_column_inner][\/vc_row_inner][vc_row_inner][vc_column_inner column_width_percent=&#8221;100&#8243; position_vertical=&#8221;middle&#8221; align_horizontal=&#8221;align_center&#8221; gutter_size=&#8221;3&#8243; overlay_alpha=&#8221;50&#8243; shift_x=&#8221;0&#8243; shift_y=&#8221;0&#8243; shift_y_down=&#8221;0&#8243; z_index=&#8221;0&#8243; medium_width=&#8221;0&#8243; mobile_width=&#8221;0&#8243; width=&#8221;1\/1&#8243;][uncode_share layout=&#8221;multiple&#8221; bigger=&#8221;yes&#8221; separator=&#8221;yes&#8221;][\/vc_column_inner][\/vc_row_inner][\/vc_column][\/vc_row]<\/p>\n<\/div>","protected":false},"excerpt":{"rendered":"<p>[vc_row row_height_percent=&#8221;0&#8243; overlay_alpha=&#8221;50&#8243; gutter_size=&#8221;3&#8243; column_width_percent=&#8221;100&#8243; shift_y=&#8221;0&#8243; z_index=&#8221;10&#8243; enable_bottom_divider=&#8221;default&#8221; bottom_divider=&#8221;tilt&#8221; shape_bottom_h_use_pixel=&#8221;&#8221; shape_bottom_height=&#8221;150&#8243; shape_bottom_color=&#8221;color-xsdn&#8221; shape_bottom_opacity=&#8221;100&#8243; shape_bottom_index=&#8221;0&#8243; css=&#8221;.vc_custom_1594942479104{margin-top: -150px !important;}&#8221; shape_dividers=&#8221;&#8221;][vc_column width=&#8221;1\/1&#8243;][\/vc_column][\/vc_row][vc_row row_height_percent=&#8221;0&#8243; [&hellip;]<\/p>\n","protected":false},"author":17,"featured_media":84107,"comment_status":"closed","ping_status":"open","sticky":false,"template":"","format":"standard","meta":{"_relevanssi_hide_post":"","_relevanssi_hide_content":"","_relevanssi_pin_for_all":"","_relevanssi_pin_keywords":"","_relevanssi_unpin_keywords":"","_relevanssi_related_keywords":"","_relevanssi_related_include_ids":"","_relevanssi_related_exclude_ids":"","_relevanssi_related_no_append":"","_relevanssi_related_not_related":"","_relevanssi_related_posts":"","_relevanssi_noindex_reason":"","footnotes":"","_links_to":"","_links_to_target":""},"categories":[77],"tags":[],"class_list":["post-83835","post","type-post","status-publish","format-standard","has-post-thumbnail","hentry","category-news-getec-gruppe"],"_links":{"self":[{"href":"https:\/\/www.getec.de\/en\/wp-json\/wp\/v2\/posts\/83835","targetHints":{"allow":["GET"]}}],"collection":[{"href":"https:\/\/www.getec.de\/en\/wp-json\/wp\/v2\/posts"}],"about":[{"href":"https:\/\/www.getec.de\/en\/wp-json\/wp\/v2\/types\/post"}],"author":[{"embeddable":true,"href":"https:\/\/www.getec.de\/en\/wp-json\/wp\/v2\/users\/17"}],"replies":[{"embeddable":true,"href":"https:\/\/www.getec.de\/en\/wp-json\/wp\/v2\/comments?post=83835"}],"version-history":[{"count":8,"href":"https:\/\/www.getec.de\/en\/wp-json\/wp\/v2\/posts\/83835\/revisions"}],"predecessor-version":[{"id":84430,"href":"https:\/\/www.getec.de\/en\/wp-json\/wp\/v2\/posts\/83835\/revisions\/84430"}],"wp:featuredmedia":[{"embeddable":true,"href":"https:\/\/www.getec.de\/en\/wp-json\/wp\/v2\/media\/84107"}],"wp:attachment":[{"href":"https:\/\/www.getec.de\/en\/wp-json\/wp\/v2\/media?parent=83835"}],"wp:term":[{"taxonomy":"category","embeddable":true,"href":"https:\/\/www.getec.de\/en\/wp-json\/wp\/v2\/categories?post=83835"},{"taxonomy":"post_tag","embeddable":true,"href":"https:\/\/www.getec.de\/en\/wp-json\/wp\/v2\/tags?post=83835"}],"curies":[{"name":"wp","href":"https:\/\/api.w.org\/{rel}","templated":true}]}}