{"id":85276,"date":"2021-02-18T08:18:45","date_gmt":"2021-02-18T07:18:45","guid":{"rendered":"https:\/\/www.getec.de\/?p=85276"},"modified":"2021-02-18T08:31:59","modified_gmt":"2021-02-18T07:31:59","slug":"1-fc-magdeburg-verlaengert-vorzeitig-mit-getec-gruppe","status":"publish","type":"post","link":"https:\/\/www.getec.de\/en\/1-fc-magdeburg-verlaengert-vorzeitig-mit-getec-gruppe\/","title":{"rendered":"Vorzeitige Verl\u00e4ngerung von der GETEC Gruppe beim 1. FC Magdeburg"},"content":{"rendered":"<div class=\"wpb-content-wrapper\"><p>[vc_row row_height_percent=&#8221;0&#8243; overlay_alpha=&#8221;50&#8243; gutter_size=&#8221;3&#8243; column_width_percent=&#8221;100&#8243; shift_y=&#8221;0&#8243; z_index=&#8221;10&#8243; enable_bottom_divider=&#8221;default&#8221; bottom_divider=&#8221;tilt&#8221; shape_bottom_h_use_pixel=&#8221;&#8221; shape_bottom_height=&#8221;150&#8243; shape_bottom_color=&#8221;color-xsdn&#8221; shape_bottom_opacity=&#8221;100&#8243; shape_bottom_index=&#8221;0&#8243; css=&#8221;.vc_custom_1594942233420{margin-top: -150px !important;}&#8221;][vc_column width=&#8221;1\/1&#8243;][\/vc_column][\/vc_row][vc_row row_height_percent=&#8221;0&#8243; back_color=&#8221;color-xsdn&#8221; overlay_alpha=&#8221;50&#8243; gutter_size=&#8221;3&#8243; column_width_percent=&#8221;100&#8243; shift_y=&#8221;0&#8243; z_index=&#8221;10&#8243; bottom_divider=&#8221;tilt&#8221;][vc_column width=&#8221;1\/1&#8243;][\/vc_column][\/vc_row][vc_row][vc_column column_width_percent=&#8221;100&#8243; gutter_size=&#8221;3&#8243; overlay_alpha=&#8221;50&#8243; shift_x=&#8221;0&#8243; shift_y=&#8221;0&#8243; shift_y_down=&#8221;0&#8243; z_index=&#8221;0&#8243; medium_width=&#8221;0&#8243; mobile_width=&#8221;0&#8243; width=&#8221;1\/1&#8243;][vc_custom_heading heading_semantic=&#8221;h3&#8243; text_size=&#8221;h3&#8243; text_weight=&#8221;300&#8243; text_color=&#8221;color-jevc&#8221;]18. Februar 2021[\/vc_custom_heading][vc_custom_heading heading_semantic=&#8221;h3&#8243; text_size=&#8221;h3&#8243; text_weight=&#8221;700&#8243; text_transform=&#8221;uppercase&#8221; text_color=&#8221;color-jevc&#8221;]<\/p>\n<h1 class=\"header_first pm\">1. FC Magdeburg verl\u00e4ngert vorzeitig mit GETEC Gruppe &#8211; Europaweit agierender Energiedienstleister bleibt als GOLDPartner dabei<\/h1>\n<p>[\/vc_custom_heading][vc_empty_space empty_h=&#8221;1&#8243;][vc_separator sep_color=&#8221;accent&#8221; css_animation=&#8221;zoom-in&#8221; el_height=&#8221;6px&#8221;][vc_empty_space empty_h=&#8221;0&#8243;][vc_custom_heading heading_semantic=&#8221;h4&#8243; text_size=&#8221;h4&#8243; text_weight=&#8221;300&#8243; text_height=&#8221;fontheight-524109&#8243; text_color=&#8221;color-jevc&#8221;]Vorzeitig bindet der 1. FC Magdeburg seinen langj\u00e4hrigen Wirtschaftspartner, die GETEC Gruppe,\u00a0bis zum 30.06.2022. Europaweit bietet das Unternehmen das gesamte Spektrum an Energiedienstleistungen und -versorgungsl\u00f6sungen.[\/vc_custom_heading][\/vc_column][\/vc_row][vc_row row_height_percent=&#8221;0&#8243; override_padding=&#8221;yes&#8221; h_padding=&#8221;2&#8243; top_padding=&#8221;2&#8243; bottom_padding=&#8221;2&#8243; back_color=&#8221;color-lxmt&#8221; overlay_alpha=&#8221;50&#8243; gutter_size=&#8221;3&#8243; column_width_percent=&#8221;100&#8243; shift_y=&#8221;0&#8243; z_index=&#8221;0&#8243; enable_top_divider=&#8221;default&#8221; top_divider_inv=&#8221;tilt&#8221; shape_top_invert=&#8221;yes&#8221; shape_top_h_use_pixel=&#8221;&#8221; shape_top_height=&#8221;150&#8243; shape_top_color=&#8221;color-xsdn&#8221; shape_top_opacity=&#8221;100&#8243; shape_top_index=&#8221;0&#8243; css=&#8221;.vc_custom_1590710273186{padding-top: 150px !important;}&#8221;][vc_column width=&#8221;1\/1&#8243;][vc_empty_space empty_h=&#8221;1&#8243;][vc_custom_heading heading_semantic=&#8221;h6&#8243; text_size=&#8221;h6&#8243; text_weight=&#8221;300&#8243; text_height=&#8221;fontheight-524109&#8243; text_color=&#8221;color-jevc&#8221;]Seit vielen Jahren unterst\u00fctzt die 1993 gegr\u00fcndete GETEC Gruppe den Sport in Magdeburg und der Region. So erhielt auch der <a href=\"http:\/\/www.1.fc-magdeburg.de\">1. FC Magdeburg<\/a> analog der Geisterspiele in der Saison 2019\/2020 erneut eine Unterst\u00fctzungszusage f\u00fcr die laufende Spielzeit in Liga 3.<\/p>\n<p>Als GOLDPartner auf der 2. Ebene wurde mit der GETEC Gruppe TV-wirksame LED-Bandenwerbung sowie ein Hospitalitypaket im Rahmen der Heimspiele des 1. FC Magdeburg in der MDCC-Arena vereinbart.<\/p>\n<p><strong>\u00a0Dr. Karl Gerhold<\/strong>, Gesch\u00e4ftsf\u00fchrender Gesellschafter der GETEC ENERGIE HOLDING GmbH: \u201eWir freuen uns sehr, dem 1. FC Magdeburg weiterhin zur Seite zu stehen. Gerade jetzt, mitten in der Corona-Pandemie, bekennen wir uns klar zum Verein und gehen ganz bewusst voran. Als Partner stehen wir in guten wie in schwierigen Zeiten eng zum Club und sind stolz darauf, ein Teil der FCM-Familie zu sein.\u201c<\/p>\n<p>&nbsp;<\/p>\n<p><strong>Stephan Lietzow<\/strong>, Leiter Marketing &amp; Vertrieb 1. FC Magdeburg: \u201eF\u00fcr uns ist die Verl\u00e4ngerung mit der GETEC als GOLDPartner auf der 2. Ebene ein sehr wichtiges Zeichen. Inmitten dieser durch die Corona-Pandemie schwierigen Zeit\u00a0ist es wichtig, verl\u00e4ssliche Partner an seiner Seite zu wissen. Das ungebrochene Vertrauen f\u00fcr eine Zusammenarbeit ist gerade jetzt in dieser schwierigen Zeit\u00a0nicht selbstverst\u00e4ndlich. Die Zusammenarbeit mit einem der erfolgreichsten Unternehmen der Landeshauptstadt mit europaweiter Strahlkraft erf\u00fcllt uns mit gro\u00dfem Stolz und st\u00e4rkt zudem weiterhin unser FCM-Netzwerk.\u201c<\/p>\n<p>Traditionsbewusst pr\u00e4sentiert der Arbeitgeber aus der Landeshauptstadt bereits seit zwei Jahren mehrere Traditionsw\u00e4nde an der S\u00fcdtrib\u00fcne der MDCC-Arena Magdeburg, der Heimspielst\u00e4tte des 1. FC Magdeburg.[\/vc_custom_heading][vc_empty_space empty_h=&#8221;1&#8243;][\/vc_column][\/vc_row][vc_row row_height_percent=&#8221;0&#8243; override_padding=&#8221;yes&#8221; h_padding=&#8221;2&#8243; top_padding=&#8221;5&#8243; bottom_padding=&#8221;3&#8243; back_color=&#8221;color-xsdn&#8221; overlay_alpha=&#8221;80&#8243; gutter_size=&#8221;3&#8243; column_width_percent=&#8221;100&#8243; shift_y=&#8221;0&#8243; z_index=&#8221;0&#8243; enable_top_divider=&#8221;default&#8221; top_divider_inv=&#8221;tilt&#8221; shape_top_invert=&#8221;yes&#8221; shape_top_h_use_pixel=&#8221;&#8221; shape_top_height=&#8221;150&#8243; shape_top_color=&#8221;color-lxmt&#8221; shape_top_opacity=&#8221;100&#8243; shape_top_index=&#8221;0&#8243; bottom_divider=&#8221;tilt&#8221;][vc_column column_width_percent=&#8221;100&#8243; position_horizontal=&#8221;left&#8221; position_vertical=&#8221;middle&#8221; gutter_size=&#8221;4&#8243; overlay_alpha=&#8221;50&#8243; shift_x=&#8221;0&#8243; shift_y=&#8221;0&#8243; shift_y_down=&#8221;0&#8243; z_index=&#8221;0&#8243; medium_width=&#8221;0&#8243; mobile_width=&#8221;0&#8243; width=&#8221;1\/1&#8243;][vc_empty_space empty_h=&#8221;1&#8243;][vc_row_inner row_inner_height_percent=&#8221;0&#8243; overlay_alpha=&#8221;50&#8243; equal_height=&#8221;yes&#8221; gutter_size=&#8221;3&#8243; shift_y=&#8221;0&#8243; z_index=&#8221;0&#8243;][vc_column_inner column_width_percent=&#8221;100&#8243; gutter_size=&#8221;3&#8243; overlay_alpha=&#8221;50&#8243; shift_x=&#8221;0&#8243; shift_y=&#8221;0&#8243; shift_y_down=&#8221;0&#8243; z_index=&#8221;0&#8243; medium_width=&#8221;0&#8243; mobile_width=&#8221;0&#8243; width=&#8221;7\/12&#8243; css=&#8221;.vc_custom_1592356088448{padding-right: 10px !important;}&#8221;][vc_custom_heading text_size=&#8221;h4&#8243; text_weight=&#8221;700&#8243; text_transform=&#8221;uppercase&#8221; text_color=&#8221;color-jevc&#8221;]\u00dcber die GETEC GRUPPE[\/vc_custom_heading][vc_custom_heading heading_semantic=&#8221;h6&#8243; text_size=&#8221;h6&#8243; text_weight=&#8221;300&#8243; text_height=&#8221;fontheight-524109&#8243; text_color=&#8221;color-jevc&#8221;]Die GETEC Energie Holding GmbH ist ein Energiedienstleistungsunternehmensverbund und bildet zusammen mit ihren deutschland- und europaweiten Beteiligungen und Aktivit\u00e4ten im Immobilienbereich die GETEC GRUPPE. Die Expertisen und F\u00e4higkeiten der verschiedenen Gesellschaften reichen von der Errichtung und dem Betrieb von Arealnetzen, dem Energiehandel bis hin zur Entwicklung und dem Ausbau regenerativer Energiel\u00f6sungen.[\/vc_custom_heading][\/vc_column_inner][vc_column_inner column_width_percent=&#8221;100&#8243; gutter_size=&#8221;3&#8243; overlay_alpha=&#8221;50&#8243; border_color=&#8221;color-uydo&#8221; border_style=&#8221;solid&#8221; shift_x=&#8221;-2&#8243; shift_y=&#8221;0&#8243; shift_y_down=&#8221;0&#8243; z_index=&#8221;0&#8243; medium_visibility=&#8221;yes&#8221; medium_width=&#8221;0&#8243; mobile_visibility=&#8221;yes&#8221; mobile_width=&#8221;0&#8243; width=&#8221;1\/12&#8243; css=&#8221;.vc_custom_1590709566138{border-right-width: 1px !important;}&#8221;][\/vc_column_inner][vc_column_inner column_width_percent=&#8221;100&#8243; gutter_size=&#8221;3&#8243; overlay_alpha=&#8221;50&#8243; shift_x=&#8221;0&#8243; shift_y=&#8221;0&#8243; shift_y_down=&#8221;0&#8243; z_index=&#8221;0&#8243; medium_width=&#8221;0&#8243; mobile_width=&#8221;0&#8243; width=&#8221;4\/12&#8243;][vc_custom_heading text_size=&#8221;h4&#8243; text_weight=&#8221;700&#8243; text_transform=&#8221;uppercase&#8221; text_color=&#8221;color-jevc&#8221;]Pressekontakt[\/vc_custom_heading][vc_empty_space empty_h=&#8221;1&#8243;][vc_column_text]<\/p>\n<h4><span style=\"color: #727879;\"><strong>GETEC GRUPPE GmbH<\/strong><\/span><\/h4>\n<p><strong>Julia Roepke<\/strong><br \/>\nKonzernentwicklung &amp; -steuerung<br \/>\nTelefon: <span style=\"color: #727879;\"><a style=\"color: #727879;\" href=\"tel:+49121088653\">+49 (0) 511 121088-653<\/a><\/span><br \/>\nE-Mail:\u00a0<span style=\"color: #727879;\"><a style=\"color: #727879;\" href=\"mailto:presse@getec-holding.de\">presse@getec-holding.de <\/a><\/span>[\/vc_column_text][vc_column_text]<\/p>\n<p style=\"text-align: justify;\">Zum Betrachten etwaiger PDF-Files ben\u00f6tigen Sie den kostenfreien Adobe Acrobat-Reader. Sie k\u00f6nnen Sich dieses Programm\u00a0<a href=\"http:\/\/get.adobe.com\/de\/reader\/\" target=\"_blank\" rel=\"noopener noreferrer\">hier herunterladen<\/a>.<\/p>\n<p>[\/vc_column_text][\/vc_column_inner][\/vc_row_inner][vc_row_inner][vc_column_inner column_width_percent=&#8221;100&#8243; position_vertical=&#8221;middle&#8221; align_horizontal=&#8221;align_center&#8221; gutter_size=&#8221;3&#8243; overlay_alpha=&#8221;50&#8243; shift_x=&#8221;0&#8243; shift_y=&#8221;0&#8243; shift_y_down=&#8221;0&#8243; z_index=&#8221;0&#8243; medium_width=&#8221;0&#8243; mobile_width=&#8221;0&#8243; width=&#8221;1\/1&#8243;][uncode_share layout=&#8221;multiple&#8221; bigger=&#8221;yes&#8221; separator=&#8221;yes&#8221;][\/vc_column_inner][\/vc_row_inner][\/vc_column][\/vc_row]<\/p>\n<\/div>","protected":false},"excerpt":{"rendered":"<p>[vc_row row_height_percent=&#8221;0&#8243; overlay_alpha=&#8221;50&#8243; gutter_size=&#8221;3&#8243; column_width_percent=&#8221;100&#8243; shift_y=&#8221;0&#8243; z_index=&#8221;10&#8243; enable_bottom_divider=&#8221;default&#8221; bottom_divider=&#8221;tilt&#8221; shape_bottom_h_use_pixel=&#8221;&#8221; shape_bottom_height=&#8221;150&#8243; shape_bottom_color=&#8221;color-xsdn&#8221; shape_bottom_opacity=&#8221;100&#8243; shape_bottom_index=&#8221;0&#8243; css=&#8221;.vc_custom_1594942233420{margin-top: -150px !important;}&#8221;][vc_column width=&#8221;1\/1&#8243;][\/vc_column][\/vc_row][vc_row row_height_percent=&#8221;0&#8243; back_color=&#8221;color-xsdn&#8221; [&hellip;]<\/p>\n","protected":false},"author":45,"featured_media":83344,"comment_status":"closed","ping_status":"open","sticky":false,"template":"","format":"standard","meta":{"_relevanssi_hide_post":"","_relevanssi_hide_content":"","_relevanssi_pin_for_all":"","_relevanssi_pin_keywords":"","_relevanssi_unpin_keywords":"","_relevanssi_related_keywords":"","_relevanssi_related_include_ids":"","_relevanssi_related_exclude_ids":"","_relevanssi_related_no_append":"","_relevanssi_related_not_related":"","_relevanssi_related_posts":"","_relevanssi_noindex_reason":"","footnotes":"","_links_to":"","_links_to_target":""},"categories":[77],"tags":[],"class_list":["post-85276","post","type-post","status-publish","format-standard","has-post-thumbnail","hentry","category-news-getec-gruppe"],"_links":{"self":[{"href":"https:\/\/www.getec.de\/en\/wp-json\/wp\/v2\/posts\/85276","targetHints":{"allow":["GET"]}}],"collection":[{"href":"https:\/\/www.getec.de\/en\/wp-json\/wp\/v2\/posts"}],"about":[{"href":"https:\/\/www.getec.de\/en\/wp-json\/wp\/v2\/types\/post"}],"author":[{"embeddable":true,"href":"https:\/\/www.getec.de\/en\/wp-json\/wp\/v2\/users\/45"}],"replies":[{"embeddable":true,"href":"https:\/\/www.getec.de\/en\/wp-json\/wp\/v2\/comments?post=85276"}],"version-history":[{"count":7,"href":"https:\/\/www.getec.de\/en\/wp-json\/wp\/v2\/posts\/85276\/revisions"}],"predecessor-version":[{"id":85284,"href":"https:\/\/www.getec.de\/en\/wp-json\/wp\/v2\/posts\/85276\/revisions\/85284"}],"wp:featuredmedia":[{"embeddable":true,"href":"https:\/\/www.getec.de\/en\/wp-json\/wp\/v2\/media\/83344"}],"wp:attachment":[{"href":"https:\/\/www.getec.de\/en\/wp-json\/wp\/v2\/media?parent=85276"}],"wp:term":[{"taxonomy":"category","embeddable":true,"href":"https:\/\/www.getec.de\/en\/wp-json\/wp\/v2\/categories?post=85276"},{"taxonomy":"post_tag","embeddable":true,"href":"https:\/\/www.getec.de\/en\/wp-json\/wp\/v2\/tags?post=85276"}],"curies":[{"name":"wp","href":"https:\/\/api.w.org\/{rel}","templated":true}]}}