{"id":85874,"date":"2021-09-16T10:47:01","date_gmt":"2021-09-16T08:47:01","guid":{"rendered":"https:\/\/www.getec.de\/?p=85874"},"modified":"2021-09-16T12:44:14","modified_gmt":"2021-09-16T10:44:14","slug":"joachims-carree-hannover-symbolisch-den-schluesseluebergabe","status":"publish","type":"post","link":"https:\/\/www.getec.de\/en\/joachims-carree-hannover-symbolisch-den-schluesseluebergabe\/","title":{"rendered":"Symbolische Schl\u00fcssel\u00fcbergabe Joachims Carr\u00e9e: Neues zentrales Dienstgeb\u00e4ude des Fachbereichs Jugend und Familie"},"content":{"rendered":"<div class=\"wpb-content-wrapper\"><p>[vc_row row_height_percent=&#8221;0&#8243; overlay_alpha=&#8221;50&#8243; gutter_size=&#8221;3&#8243; column_width_percent=&#8221;100&#8243; shift_y=&#8221;0&#8243; z_index=&#8221;10&#8243; enable_bottom_divider=&#8221;default&#8221; bottom_divider=&#8221;tilt&#8221; shape_bottom_h_use_pixel=&#8221;&#8221; shape_bottom_height=&#8221;150&#8243; shape_bottom_color=&#8221;color-xsdn&#8221; shape_bottom_opacity=&#8221;100&#8243; shape_bottom_index=&#8221;0&#8243; css=&#8221;.vc_custom_1594942214986{margin-top: -150px !important;}&#8221;][vc_column width=&#8221;1\/1&#8243;][\/vc_column][\/vc_row][vc_row row_height_percent=&#8221;0&#8243; back_color=&#8221;color-xsdn&#8221; overlay_alpha=&#8221;50&#8243; gutter_size=&#8221;3&#8243; column_width_percent=&#8221;100&#8243; shift_y=&#8221;0&#8243; z_index=&#8221;10&#8243; bottom_divider=&#8221;tilt&#8221;][vc_column width=&#8221;1\/1&#8243;][\/vc_column][\/vc_row][vc_row][vc_column column_width_percent=&#8221;100&#8243; gutter_size=&#8221;3&#8243; overlay_alpha=&#8221;50&#8243; shift_x=&#8221;0&#8243; shift_y=&#8221;0&#8243; shift_y_down=&#8221;0&#8243; z_index=&#8221;0&#8243; medium_width=&#8221;0&#8243; mobile_width=&#8221;0&#8243; width=&#8221;1\/1&#8243;][vc_custom_heading heading_semantic=&#8221;h3&#8243; text_size=&#8221;h3&#8243; text_weight=&#8221;300&#8243; text_color=&#8221;color-jevc&#8221;]26.08.2021[\/vc_custom_heading][vc_custom_heading heading_semantic=&#8221;h3&#8243; text_size=&#8221;h3&#8243; text_weight=&#8221;700&#8243; text_transform=&#8221;uppercase&#8221; text_color=&#8221;color-jevc&#8221;]<b>Mit moderner Ausstattung in guter Lage: Neues zentrales Dienstgeb\u00e4ude des Fachbereichs Jugend und Familie<\/b>[\/vc_custom_heading][vc_empty_space empty_h=&#8221;1&#8243;][vc_separator sep_color=&#8221;accent&#8221; css_animation=&#8221;zoom-in&#8221; el_height=&#8221;6px&#8221;][vc_empty_space empty_h=&#8221;0&#8243;][vc_custom_heading heading_semantic=&#8221;h4&#8243; text_size=&#8221;h4&#8243; text_weight=&#8221;300&#8243; text_height=&#8221;fontheight-524109&#8243; text_color=&#8221;color-jevc&#8221;]Der Fachbereich Jugend und Familie zieht derzeit mit rund 470 Mitarbeitenden sukzessive an den neuen Standort in der Joachimstra\u00dfe. Die rund vierj\u00e4hrigen Sanierungsarbeiten an dem Geb\u00e4ude in der Joachimstra\u00dfe 8, das zuvor die Deutsche Bahn genutzt hatte, wurden im Juli abgeschlossen. Gunnar Czimczik, Leiter des Fachbereichs Jugend und Familie, hat heute (26. August) symbolisch den Schl\u00fcssel \u00fcbernommen. Die Stadtverwaltung hat das Geb\u00e4ude von der Joachims Carr\u00e9e GmbH angemietet.<\/p>\n<p>&nbsp;<\/p>\n<p>Noch bis zum 30. September ziehen die bisher im Ihmezentrum (Ihmeplatz 5) untergebrachten Dienststellen des Fachbereichs Jugend und Familie an den neuen Standort um. Erste verwaltungsinterne Bereiche haben bereits ihren Betrieb aufgenommen. Mit dem f\u00fcr November geplanten Einzug des FamilienServiceB\u00fcros aus der Kurt-Schumacher-Stra\u00dfe wird der Bezug des Geb\u00e4udes abgeschlossen. Der Fachbereich bietet dann deutlich mehr Dienstleistungen als bisher an einem Standort an.<\/p>\n<p>&nbsp;<\/p>\n<p>\u201eDer Fachbereich Jugend und Familie sowie die Kund*innen k\u00f6nnen sich auf eine zeitgem\u00e4\u00dfe, einladende und familienfreundliche Dienststelle freuen. Nicht nur im Inneren ist das Geb\u00e4ude auf dem neuesten Stand, auch das \u00c4u\u00dfere bereichert das Quartier rund um die Joachimstra\u00dfe st\u00e4dtebaulich\u201c, sagte Oberb\u00fcrgermeister Belit Onay bei der offiziellen Schl\u00fcssel\u00fcbergabe und betonte: \u201eMit diesem Umzug schlie\u00dfen wir ein weiteres wichtiges Kapitel der Neustrukturierung und Zusammenlegung von Verwaltungsstandorten ab.\u201c<\/p>\n<p>&nbsp;<\/p>\n<p>Rita Maria Rzyski erg\u00e4nzte: \u201eWir freuen uns sehr, dass wir den Kund*innen und Mitarbeitenden gleicherma\u00dfen einen zentralen Standort mit moderner Ausstattung bieten k\u00f6nnen. In der Joachimstra\u00dfe werden wir unser Serviceangebot noch einmal deutlich verbessern und dann f\u00fcr alle Fragen rund um Kinder, Jugend und Familie unter einem Dach erreichbar sein.\u201c<\/p>\n<p>&nbsp;<\/p>\n<p>\u201eWir zielen bei der Entwicklung von Immobilien auf nachhaltiges Wachstum und langfristige Partnerschaften. Als inhabergef\u00fchrtes Unternehmen handeln wir verantwortungsvoll und wertsch\u00e4tzend im gegenseitigen Umgang. Wir wollen die Stadtentwicklung positiv mitgestalten und schaffen mit unseren Immobilien lebendige Orte f\u00fcr Leben, Arbeit, Kultur und Freizeit\u201c, sagte Dr. Karl Gerhold, gesch\u00e4ftsf\u00fchrender Gesellschafter der GETEC Immobilien-Gruppe als Eigent\u00fcmer der Immobilie. Er unterstrich: \u201eWir freuen uns, dem Fachbereich Jugend und Familie der Landeshauptstadt Hannover ein neues Zuhause geben zu k\u00f6nnen.\u201c<\/p>\n<p>&nbsp;<\/p>\n<p><strong>Moderne R\u00e4umlichkeiten f\u00fcr Kund*innen und Mitarbeitende<\/strong><\/p>\n<p>Die zeitgem\u00e4\u00dfen und ergonomisch ausgestatteten R\u00e4umlichkeiten f\u00fcr Kund*innen und Mitarbeitende erstrecken sich \u00fcber insgesamt 22.255 Quadratmeter Gesamtfl\u00e4che. Die 374 B\u00fcror\u00e4ume verteilen sich auf 18.400 Quadratmeter. Eine Kantine mit Speisesaal f\u00fcr rund 150 G\u00e4ste und K\u00fcche im Erdgeschoss versorgt die Mitarbeiter*innen. Die Wartebereiche sind hell und freundlich gestaltet und die Still- und Wickelr\u00e4ume laden durch eine ebenso funktionale wie optisch gelungene Ausstattung zur Nutzung ein.<\/p>\n<p>&nbsp;<\/p>\n<p><strong>Barrierefreier Zugang<\/strong><\/p>\n<p>Das Geb\u00e4ude ist durch einen barrierefreien Hauptzugang stufen- und schwellenlos erreichbar. Die Haupteingangst\u00fcren zum Foyer sind als Schiebet\u00fcren mit automatischen Antrieben versehen. Im Erdgeschoss, unmittelbar an das Foyer angrenzend, befinden sich die vier zentralen neuen Personenaufz\u00fcge, die vom Erdgeschoss bis zum siebten Obergeschoss fahren. Ein weiterer neuer Aufzug reicht vom Untergeschoss bis ins oberste Stockwerk. Die T\u00fcren von der Tiefgarage zu dem barrierefreien neuen Serviceaufzug, die seitliche Zugangst\u00fcr von ebenerdig angeordneten Behindertenstellpl\u00e4tzen sowie die Etagenzugangst\u00fcren sind ebenfalls mit motorischen T\u00fcrantrieben barrierefrei ausgestattet. Auf jeder Etage befinden sich zwei barrierefreie Unisex-Toiletten.<\/p>\n<p>Ein kund*innenfreundliches Leitsystem mit klarem Farbkonzept und leicht verst\u00e4ndlichen Logos erm\u00f6glicht eine Orientierung der Besucher*innen zu den wesentlichen Bereichen auch ohne Schrift- und Sprachkenntnisse. Direkt neben dem Haupteingang befindet sich ein taktiler Geb\u00e4udeplan; das taktile Leitsystem leitet direkt zum Informationstresen, der \u00fcber rollstuhlgerechte Bedienpl\u00e4tze verf\u00fcgt.<\/p>\n<p>&nbsp;<\/p>\n<p><strong>Aufzunehmende Elektromobilit\u00e4t vorbereitet<\/strong><\/p>\n<p>Im Dienstgeb\u00e4ude Joachimstra\u00dfe 8 sind insgesamt 20 Ladepunkte vorhanden: vier in der Tiefgarage sowie 16 im Erdgeschoss. Sie stehen st\u00e4dtischen Dienstfahrzeugen sowie f\u00fcr die Benutzung durch Mitarbeitende zur Verf\u00fcgung, die ihre E- oder Hybrid-Fahrzeuge dort bei Zahlung einer Benutzungsgeb\u00fchr und des anfallenden Stromverbrauchs aufladen k\u00f6nnen. Im Rahmen eines Pilotprojekts soll dabei ein sinnvolles, nachhaltiges und f\u00fcr alle Nutzer*innen praktikables Sharing-System entwickelt werden, um die Ladekapazit\u00e4ten optimal nutzen zu k\u00f6nnen. Zum Aufladen von E-Bikes wird f\u00fcr die Mitarbeitenden im Fahrradkeller ein Ladeschrank bereitstehen.<\/p>\n<p>&nbsp;<\/p>\n<p><strong>Revitalisierung des Geb\u00e4udes begann im Sommer 2017<\/strong><\/p>\n<p>Nach dem Ratsbeschluss im Juni 2017 wurde der Mietvertrag im Monat darauf abgeschlossen. Wenig sp\u00e4ter begannen die ersten Sanierungsarbeiten an den Au\u00dfenfassaden und der Tiefgarage. Im Juli 2021 wurden die umfangreichen Modernisierungs- und Umbauarbeiten im Innenbereich des 1969 errichteten Geb\u00e4udes fertiggestellt. Die tragende Geb\u00e4udestruktur in Stahlbeton-Skelettbauweise blieb im Bestand erhalten, der Innenausbau wie zum Beispiel leichte Trennw\u00e4nde, abgeh\u00e4ngte Decken, Bodenaufbauten und Innent\u00fcren wurden erneuert. Au\u00dfenfassaden und Innenbereich bekamen dadurch ein v\u00f6llig anderes Gesicht.<\/p>\n<p>Das gesamte Geb\u00e4ude wurde mit einem W\u00e4rmed\u00e4mmverbundsystem und einer Vorhangfassade versehen. Die neu montierten Aluminium-Fenster erhielten Sonnenschutzanlagen mit automatischer Steuerung. Der grundlegend erneuerte Eingangsbereich einschlie\u00dflich Foyer hat einladenden Charakter. Die gro\u00dfz\u00fcgige Gestaltung erm\u00f6glichte es, direkt am Haupteingang Fahrradst\u00e4nder f\u00fcr die Kund*innen einzurichten und einen mehrere Jahrzehnte alten Baum zu erhalten, der f\u00fcr viel Gr\u00fcn und an hei\u00dfen Sommertagen f\u00fcr Schatten sorgt.<\/p>\n<p>&nbsp;<\/p>\n<p><strong>Erreichbarkeit der neuen Dienststelle<\/strong><\/p>\n<p>Das Geb\u00e4ude in der Joachimstra\u00dfe ist fu\u00dfl\u00e4ufig vom Bahnhof in nur wenigen Minuten erreichbar. Ab voraussichtlich 1. Oktober gelten f\u00fcr die einzelnen Teilbereiche einheitliche \u00d6ffnungszeiten: montags bis donnerstags von 8.30 bis 11.30 Uhr sowie dienstags zus\u00e4tzlich von 15 bis 18 Uhr. Durch die Corona-Situation bedingt sind diese Besuche bis auf Weiteres grunds\u00e4tzlich nur mit vorheriger Terminvereinbarung m\u00f6glich. F\u00fcr allgemeine Ausk\u00fcnfte wird der Fachbereich zu folgenden Zeiten zu erreichen sein: montags, mittwochs und donnerstags von 8 bis 16 Uhr, dienstags von 8 bis 18 Uhr sowie freitags von 8 bis 13 Uhr.<\/p>\n<p>&nbsp;<\/p>\n<p><strong>Regelungen w\u00e4hrend des Umzugs<\/strong><\/p>\n<p>W\u00e4hrend des Umzugs bleibt der Fachbereich f\u00fcr allgemeine Ausk\u00fcnfte und Informationen telefonisch unter (05 11) 1 68 \u2013 4 27 86 erreichbar. Bei einzelnen Dienststellen kann es zeitweise zu Einschr\u00e4nkungen kommen. Dies betrifft folgende Dienststellen mit intensivem Kund*innenkontakt zu folgenden Zeiten:<\/p>\n<ul>\n<li>Wirtschaftliche Jugendhilfe: 6. bis 10. September<\/li>\n<li>Unterhaltsvorschuss: 25. August bis 2. September<\/li>\n<li>Vormundschaften: 25. bis 27. August<\/li>\n<li>Unterhaltsrechtsstelle: 25. bis 30. August<\/li>\n<li>Elterngeldstelle: 24. August bis 9. September<\/li>\n<li>Beistandschaften: 1. bis 7. September<\/li>\n<\/ul>\n<p>&nbsp;<\/p>\n<p>Daneben ziehen zahlreiche weitere Dienststellen um, so auch der Bereich Kinder- und Jugendarbeit mit dem Jugend-Ferienservice, das Familienmanagement und die Verwaltung der Kindertagesst\u00e4tten.[\/vc_custom_heading][\/vc_column][\/vc_row][vc_row row_height_percent=&#8221;0&#8243; override_padding=&#8221;yes&#8221; h_padding=&#8221;2&#8243; top_padding=&#8221;2&#8243; bottom_padding=&#8221;2&#8243; back_color=&#8221;color-lxmt&#8221; overlay_alpha=&#8221;50&#8243; gutter_size=&#8221;3&#8243; column_width_percent=&#8221;100&#8243; shift_y=&#8221;0&#8243; z_index=&#8221;0&#8243; enable_top_divider=&#8221;default&#8221; top_divider_inv=&#8221;tilt&#8221; shape_top_invert=&#8221;yes&#8221; shape_top_h_use_pixel=&#8221;&#8221; shape_top_height=&#8221;150&#8243; shape_top_color=&#8221;color-xsdn&#8221; shape_top_opacity=&#8221;100&#8243; shape_top_index=&#8221;0&#8243; css=&#8221;.vc_custom_1590710273186{padding-top: 150px !important;}&#8221;][vc_column width=&#8221;1\/1&#8243;][vc_empty_space empty_h=&#8221;1&#8243;][vc_column_text]<strong>Eckdaten:<\/strong><\/p>\n<ul>\n<li>Eigent\u00fcmerin\/Vermieterin: GETEC Immobilien-Gruppe mit der Joachims Carr\u00e9e GmbH<\/li>\n<li>Mieterin: Landeshauptstadt Hannover<\/li>\n<li>Projektsteuerung (Anmietung): Fachbereich Geb\u00e4udemanagement<\/li>\n<li>Planung: Schulze &amp; Partner GbR, Hannover<\/li>\n<li>Sanierungsbeginn: Juni 2017<\/li>\n<li>Fertigstellung:\u00a0Juli 2021<\/li>\n<li>Fl\u00e4che: 255 Quadratmeter Gesamtfl\u00e4che<\/li>\n<\/ul>\n<p>&nbsp;<\/p>\n<p><strong>Wer und was zieht mit?<\/strong><\/p>\n<ul>\n<li>470 Mitarbeitende in 41 Teams\/Sachgebieten<\/li>\n<li>circa 3.500 laufende Aktenmeter<\/li>\n<li>mehr als 9.400 M\u00f6belst\u00fccke<\/li>\n<li>circa 1.600 EDV-Technikger\u00e4tschaften<\/li>\n<\/ul>\n<p>&nbsp;<\/p>\n<p><strong>Weitere Zahlen:<\/strong><\/p>\n<ul>\n<li>374 B\u00fcror\u00e4ume mit 18.400 Quadratmetern<\/li>\n<li>mehr als 1.000 T\u00fcren<\/li>\n<\/ul>\n<p>[\/vc_column_text][vc_column_text]<strong>Pressekontakt der Landeshauptstadt Hannover<\/strong>:<\/p>\n<p>Dennis Dix (Pressesprecher) Tel. +49 (0) 511 168-46040, E-Mail: <a href=\"mailto:Dennis.Dix@hannover-stadt.de\">Dennis.Dix@hannover-stadt.de<\/a><\/p>\n<p>Homepage: <a href=\"http:\/\/www.hannover.de\">www.hannover.de<\/a>[\/vc_column_text][\/vc_column][\/vc_row][vc_row row_height_percent=&#8221;0&#8243; override_padding=&#8221;yes&#8221; h_padding=&#8221;2&#8243; top_padding=&#8221;5&#8243; bottom_padding=&#8221;3&#8243; back_color=&#8221;color-xsdn&#8221; overlay_alpha=&#8221;80&#8243; gutter_size=&#8221;3&#8243; column_width_percent=&#8221;100&#8243; shift_y=&#8221;0&#8243; z_index=&#8221;0&#8243; enable_top_divider=&#8221;default&#8221; top_divider_inv=&#8221;tilt&#8221; shape_top_invert=&#8221;yes&#8221; shape_top_h_use_pixel=&#8221;&#8221; shape_top_height=&#8221;150&#8243; shape_top_color=&#8221;color-lxmt&#8221; shape_top_opacity=&#8221;100&#8243; shape_top_index=&#8221;0&#8243; bottom_divider=&#8221;tilt&#8221;][vc_column column_width_percent=&#8221;100&#8243; position_horizontal=&#8221;left&#8221; position_vertical=&#8221;middle&#8221; gutter_size=&#8221;4&#8243; overlay_alpha=&#8221;50&#8243; shift_x=&#8221;0&#8243; shift_y=&#8221;0&#8243; shift_y_down=&#8221;0&#8243; z_index=&#8221;0&#8243; medium_width=&#8221;0&#8243; mobile_width=&#8221;0&#8243; width=&#8221;1\/1&#8243;][vc_empty_space empty_h=&#8221;1&#8243;][vc_row_inner row_inner_height_percent=&#8221;0&#8243; overlay_alpha=&#8221;50&#8243; equal_height=&#8221;yes&#8221; gutter_size=&#8221;3&#8243; shift_y=&#8221;0&#8243; z_index=&#8221;0&#8243;][vc_column_inner column_width_percent=&#8221;100&#8243; gutter_size=&#8221;3&#8243; overlay_alpha=&#8221;50&#8243; shift_x=&#8221;0&#8243; shift_y=&#8221;0&#8243; shift_y_down=&#8221;0&#8243; z_index=&#8221;0&#8243; medium_width=&#8221;0&#8243; mobile_width=&#8221;0&#8243; width=&#8221;7\/12&#8243; css=&#8221;.vc_custom_1592356088448{padding-right: 10px !important;}&#8221;][vc_custom_heading text_size=&#8221;h4&#8243; text_weight=&#8221;700&#8243; text_transform=&#8221;uppercase&#8221; text_color=&#8221;color-jevc&#8221;]\u00dcber die GETEC GRUPPE[\/vc_custom_heading][vc_custom_heading heading_semantic=&#8221;h6&#8243; text_size=&#8221;h6&#8243; text_weight=&#8221;300&#8243; text_height=&#8221;fontheight-524109&#8243; text_color=&#8221;color-jevc&#8221;]Die GETEC Energie Holding GmbH ist ein Energiedienstleistungsunternehmensverbund und bildet zusammen mit ihren deutschland- und europaweiten Beteiligungen und Aktivit\u00e4ten im Immobilienbereich die GETEC GRUPPE. Die Expertisen und F\u00e4higkeiten der verschiedenen Gesellschaften reichen von der Errichtung und dem Betrieb von Arealnetzen, dem Energiehandel bis hin zur Entwicklung und dem Ausbau regenerativer Energiel\u00f6sungen.[\/vc_custom_heading][vc_empty_space empty_h=&#8221;1&#8243;][\/vc_column_inner][vc_column_inner column_width_percent=&#8221;100&#8243; gutter_size=&#8221;3&#8243; overlay_alpha=&#8221;50&#8243; border_color=&#8221;color-uydo&#8221; border_style=&#8221;solid&#8221; shift_x=&#8221;-2&#8243; shift_y=&#8221;0&#8243; shift_y_down=&#8221;0&#8243; z_index=&#8221;0&#8243; medium_visibility=&#8221;yes&#8221; medium_width=&#8221;0&#8243; mobile_visibility=&#8221;yes&#8221; mobile_width=&#8221;0&#8243; width=&#8221;1\/12&#8243; css=&#8221;.vc_custom_1590709566138{border-right-width: 1px !important;}&#8221;][\/vc_column_inner][vc_column_inner column_width_percent=&#8221;100&#8243; gutter_size=&#8221;3&#8243; overlay_alpha=&#8221;50&#8243; shift_x=&#8221;0&#8243; shift_y=&#8221;0&#8243; shift_y_down=&#8221;0&#8243; z_index=&#8221;0&#8243; medium_width=&#8221;0&#8243; mobile_width=&#8221;0&#8243; width=&#8221;4\/12&#8243;][vc_custom_heading text_size=&#8221;h4&#8243; text_weight=&#8221;700&#8243; text_transform=&#8221;uppercase&#8221; text_color=&#8221;color-jevc&#8221;]Pressekontakt[\/vc_custom_heading][vc_empty_space empty_h=&#8221;1&#8243;][vc_column_text]<\/p>\n<h4><span style=\"color: #727879;\"><strong>GETEC GRUPPE<\/strong><\/span><\/h4>\n<p><strong>Julia Roepke<\/strong><br \/>\nKonzernentwicklung &amp; -steuerung<br \/>\nTelefon: <span style=\"color: #727879;\"><a style=\"color: #727879;\" href=\"tel:+49121088652\">+49 (0) 511 121088-653<\/a><\/span><br \/>\nE-Mail:\u00a0<span style=\"color: #727879;\"><a style=\"color: #727879;\" href=\"mailto:presse@getec-holding.de\">presse@getec-holding.de <\/a><\/span>[\/vc_column_text][vc_column_text]<\/p>\n<p style=\"text-align: justify;\">Zum Betrachten etwaiger PDF-Files ben\u00f6tigen Sie den kostenfreien Adobe Acrobat-Reader. Sie k\u00f6nnen Sich dieses Programm <a href=\"https:\/\/www.getec.de\/wp-content\/uploads\/2021\/09\/output_pdf_16879.pdf\">hier herunterladen<\/a>.<\/p>\n<p>[\/vc_column_text][\/vc_column_inner][\/vc_row_inner][vc_row_inner][vc_column_inner column_width_percent=&#8221;100&#8243; position_vertical=&#8221;middle&#8221; align_horizontal=&#8221;align_center&#8221; gutter_size=&#8221;3&#8243; overlay_alpha=&#8221;50&#8243; shift_x=&#8221;0&#8243; shift_y=&#8221;0&#8243; shift_y_down=&#8221;0&#8243; z_index=&#8221;0&#8243; medium_width=&#8221;0&#8243; mobile_width=&#8221;0&#8243; width=&#8221;1\/1&#8243;][uncode_share layout=&#8221;multiple&#8221; bigger=&#8221;yes&#8221; separator=&#8221;yes&#8221;][\/vc_column_inner][\/vc_row_inner][\/vc_column][\/vc_row]<\/p>\n<\/div>","protected":false},"excerpt":{"rendered":"<p>[vc_row row_height_percent=&#8221;0&#8243; overlay_alpha=&#8221;50&#8243; gutter_size=&#8221;3&#8243; column_width_percent=&#8221;100&#8243; shift_y=&#8221;0&#8243; z_index=&#8221;10&#8243; enable_bottom_divider=&#8221;default&#8221; bottom_divider=&#8221;tilt&#8221; shape_bottom_h_use_pixel=&#8221;&#8221; shape_bottom_height=&#8221;150&#8243; shape_bottom_color=&#8221;color-xsdn&#8221; shape_bottom_opacity=&#8221;100&#8243; shape_bottom_index=&#8221;0&#8243; css=&#8221;.vc_custom_1594942214986{margin-top: -150px !important;}&#8221;][vc_column width=&#8221;1\/1&#8243;][\/vc_column][\/vc_row][vc_row row_height_percent=&#8221;0&#8243; back_color=&#8221;color-xsdn&#8221; [&hellip;]<\/p>\n","protected":false},"author":45,"featured_media":85896,"comment_status":"closed","ping_status":"open","sticky":false,"template":"","format":"standard","meta":{"_relevanssi_hide_post":"","_relevanssi_hide_content":"","_relevanssi_pin_for_all":"","_relevanssi_pin_keywords":"","_relevanssi_unpin_keywords":"","_relevanssi_related_keywords":"","_relevanssi_related_include_ids":"","_relevanssi_related_exclude_ids":"","_relevanssi_related_no_append":"","_relevanssi_related_not_related":"","_relevanssi_related_posts":"","_relevanssi_noindex_reason":"","footnotes":"","_links_to":"","_links_to_target":""},"categories":[77],"tags":[],"class_list":["post-85874","post","type-post","status-publish","format-standard","has-post-thumbnail","hentry","category-news-getec-gruppe"],"_links":{"self":[{"href":"https:\/\/www.getec.de\/en\/wp-json\/wp\/v2\/posts\/85874","targetHints":{"allow":["GET"]}}],"collection":[{"href":"https:\/\/www.getec.de\/en\/wp-json\/wp\/v2\/posts"}],"about":[{"href":"https:\/\/www.getec.de\/en\/wp-json\/wp\/v2\/types\/post"}],"author":[{"embeddable":true,"href":"https:\/\/www.getec.de\/en\/wp-json\/wp\/v2\/users\/45"}],"replies":[{"embeddable":true,"href":"https:\/\/www.getec.de\/en\/wp-json\/wp\/v2\/comments?post=85874"}],"version-history":[{"count":12,"href":"https:\/\/www.getec.de\/en\/wp-json\/wp\/v2\/posts\/85874\/revisions"}],"predecessor-version":[{"id":85894,"href":"https:\/\/www.getec.de\/en\/wp-json\/wp\/v2\/posts\/85874\/revisions\/85894"}],"wp:featuredmedia":[{"embeddable":true,"href":"https:\/\/www.getec.de\/en\/wp-json\/wp\/v2\/media\/85896"}],"wp:attachment":[{"href":"https:\/\/www.getec.de\/en\/wp-json\/wp\/v2\/media?parent=85874"}],"wp:term":[{"taxonomy":"category","embeddable":true,"href":"https:\/\/www.getec.de\/en\/wp-json\/wp\/v2\/categories?post=85874"},{"taxonomy":"post_tag","embeddable":true,"href":"https:\/\/www.getec.de\/en\/wp-json\/wp\/v2\/tags?post=85874"}],"curies":[{"name":"wp","href":"https:\/\/api.w.org\/{rel}","templated":true}]}}