{"id":86889,"date":"2022-12-13T13:01:30","date_gmt":"2022-12-13T12:01:30","guid":{"rendered":"https:\/\/www.getec.de\/?p=86889"},"modified":"2022-12-13T13:01:30","modified_gmt":"2022-12-13T12:01:30","slug":"getec-neustaeedter-hoefe","status":"publish","type":"post","link":"https:\/\/www.getec.de\/en\/getec-neustaeedter-hoefe\/","title":{"rendered":"Die GETEC Gruppe und das Bildungszentrum f\u00fcr Gesundheitsberufe Magdeburg gemeinn\u00fctzige GmbH haben das neue Kompetenzzentrum &#8220;Neust\u00e4dter H\u00f6fe&#8221; besiegelt"},"content":{"rendered":"<div class=\"wpb-content-wrapper\"><p>[vc_row row_height_percent=&#8221;0&#8243; overlay_alpha=&#8221;50&#8243; gutter_size=&#8221;3&#8243; column_width_percent=&#8221;100&#8243; shift_y=&#8221;0&#8243; z_index=&#8221;10&#8243; enable_bottom_divider=&#8221;default&#8221; bottom_divider=&#8221;tilt&#8221; shape_bottom_h_use_pixel=&#8221;&#8221; shape_bottom_height=&#8221;150&#8243; shape_bottom_color=&#8221;color-xsdn&#8221; shape_bottom_opacity=&#8221;100&#8243; shape_bottom_index=&#8221;0&#8243; css=&#8221;.vc_custom_1594942214986{margin-top: -150px !important;}&#8221;][vc_column width=&#8221;1\/1&#8243;][\/vc_column][\/vc_row][vc_row row_height_percent=&#8221;0&#8243; back_color=&#8221;color-xsdn&#8221; overlay_alpha=&#8221;50&#8243; gutter_size=&#8221;3&#8243; column_width_percent=&#8221;100&#8243; shift_y=&#8221;0&#8243; z_index=&#8221;10&#8243; bottom_divider=&#8221;tilt&#8221;][vc_column width=&#8221;1\/1&#8243;][\/vc_column][\/vc_row][vc_row][vc_column column_width_percent=&#8221;100&#8243; gutter_size=&#8221;3&#8243; overlay_alpha=&#8221;50&#8243; shift_x=&#8221;0&#8243; shift_y=&#8221;0&#8243; shift_y_down=&#8221;0&#8243; z_index=&#8221;0&#8243; medium_width=&#8221;0&#8243; mobile_width=&#8221;0&#8243; width=&#8221;1\/1&#8243;][vc_custom_heading heading_semantic=&#8221;h3&#8243; text_size=&#8221;h3&#8243; text_weight=&#8221;300&#8243; text_color=&#8221;color-jevc&#8221;]13.12.2022[\/vc_custom_heading][vc_custom_heading heading_semantic=&#8221;h3&#8243; text_size=&#8221;h3&#8243; text_weight=&#8221;700&#8243; text_transform=&#8221;uppercase&#8221; text_color=&#8221;color-jevc&#8221;]<\/p>\n<h1 class=\"post-title\">Die GETEC Gruppe und das Bildungszentrum f\u00fcr Gesundheitsberufe Magdeburg gemeinn\u00fctzige GmbH haben das neue Kompetenzzentrum &#8220;Neust\u00e4dter H\u00f6fe&#8221; besiegelt<\/h1>\n<p>[\/vc_custom_heading][vc_empty_space empty_h=&#8221;1&#8243;][vc_separator sep_color=&#8221;accent&#8221; css_animation=&#8221;zoom-in&#8221; el_height=&#8221;6px&#8221;][vc_empty_space empty_h=&#8221;0&#8243;][vc_custom_heading heading_semantic=&#8221;h4&#8243; text_size=&#8221;h4&#8243; text_weight=&#8221;300&#8243; text_height=&#8221;fontheight-524109&#8243; text_color=&#8221;color-jevc&#8221;]<\/p>\n<div style=\"text-align: justify;\">Am 13. Dezember 2022 wurde die symbolische Vertragsunterzeichnung f\u00fcr das neue Kompetenzzentrum f\u00fcr Gesundheitsberufe Magdeburg gemeinn\u00fctzige GmbH gefeiert. Im Norden von Magdeburg entsteht auf dem Areal der &#8220;Neust\u00e4dter H\u00f6fe&#8221; aus vorhandener Bausubstanz ein hochmoderner Schulungskomplex mit vielf\u00e4ltig gestalteten Au\u00dfenanlagen. Die Fertigstellung ist f\u00fcr den Ausbildungsbeginn am 1. September 2023 geplant. Die Projektentwicklung erfolgt durch die GETEC Building GmbH, beauftragt durch den Eigent\u00fcmer, die GETEC Immobilien-Gruppe.<\/div>\n<p>[\/vc_custom_heading][\/vc_column][\/vc_row][vc_row row_height_percent=&#8221;0&#8243; override_padding=&#8221;yes&#8221; h_padding=&#8221;2&#8243; top_padding=&#8221;2&#8243; bottom_padding=&#8221;2&#8243; back_color=&#8221;color-lxmt&#8221; overlay_alpha=&#8221;50&#8243; gutter_size=&#8221;3&#8243; column_width_percent=&#8221;100&#8243; shift_y=&#8221;0&#8243; z_index=&#8221;0&#8243; enable_top_divider=&#8221;default&#8221; top_divider_inv=&#8221;tilt&#8221; shape_top_invert=&#8221;yes&#8221; shape_top_h_use_pixel=&#8221;&#8221; shape_top_height=&#8221;150&#8243; shape_top_color=&#8221;color-xsdn&#8221; shape_top_opacity=&#8221;100&#8243; shape_top_index=&#8221;0&#8243; css=&#8221;.vc_custom_1590710273186{padding-top: 150px !important;}&#8221;][vc_column width=&#8221;1\/1&#8243;][vc_empty_space empty_h=&#8221;1&#8243;][vc_custom_heading heading_semantic=&#8221;h6&#8243; text_size=&#8221;h6&#8243; text_weight=&#8221;300&#8243; text_height=&#8221;fontheight-524109&#8243; text_color=&#8221;color-jevc&#8221;]Die Entscheidungsfindung war das Zusammenspiel zweier starker Partner. Gesch\u00e4ftsf\u00fchrer Rollandy Horvath von GETEC PM Magdeburg GmbH sagt zum neuen Pflege-Kompetenzzentrum f\u00fcr die Region Magdeburg: &#8220;Wir freuen uns, dass wir die renommierte Schule von unserem Konzept \u00fcberzeugen konnten. F\u00fcr die Zukunft hoffen wir, dass der neue und moderne Standort dazu beitr\u00e4gt, f\u00fcr die Auszubildenden optimale Bedingungen und beste Voraussetzungen mit diesem Ausbildungskomplex \u201aNeust\u00e4dter H\u00f6fe\u2018 zu schaffen.&#8221;[\/vc_custom_heading][vc_custom_heading heading_semantic=&#8221;h6&#8243; text_size=&#8221;h6&#8243; text_weight=&#8221;300&#8243; text_height=&#8221;fontheight-524109&#8243; text_color=&#8221;color-jevc&#8221;]Die Lebensqualit\u00e4t von Menschen aller Altersstufen ist ab einem bestimmten Punkt fast immer eng mit der Qualit\u00e4t der Pflege verbunden \u2013 und damit zusammenh\u00e4ngend nat\u00fcrlich auch mit ausreichend Pflegepersonal. Naheliegend war deshalb die Idee und Forderung, in Magdeburg ein gr\u00f6\u00dferes Bildungszentrum mit dem Schwerpunkt \u201eAusbildung f\u00fcr Pflegeberufe\u201c sowie attraktiven Fort- und Weiterbildungsm\u00f6glichkeiten f\u00fcr Gesundheitsberufe aufzubauen. Seit der Gr\u00fcndung 2014 hat das Bildungszentrum f\u00fcr Gesundheitsberufe Magdeburg gemeinn\u00fctzige GmbH seinen Standort auf dem Gel\u00e4nde der Pfeifferschen Stiftungen. Christina Heinze, Gesch\u00e4ftsf\u00fchrerin und Schulleiterin vom Bildungszentrum, bedankt sich f\u00fcr die sehr gute Zusammenarbeit mit der GETEC PM Magdeburg GmbH in der Findungsphase und freut sich bereits auf die Einweihung: &#8220;Am Standort \u201aNeust\u00e4dter H\u00f6fe\u2018 werden wir in der Region der gr\u00f6\u00dfte Anbieter f\u00fcr Aus-, Fort- und Weiterbildung von Pflegeberufen im Gesundheitswesen sein. Das zu-k\u00fcnftige Kompetenzzentrum mit seinen 450 Ausbildungspl\u00e4tzen wird um 25 Prozent erweitert. Die theoretische Ausbildung findet bei uns statt, f\u00fcr die Praxis wurde ein Ausbildungsverbund mit 18 Tr\u00e4gern geschlossen.&#8221; Die Ausbildung wird damit vielseitiger und attraktiver, weil sie Fachwissen und Pflegekompetenz f\u00fcr Kinderkranken-, Kranken- und Altenpflege gleicherma\u00dfen abdeckt und so nach dem Abschluss breitere Berufswahlm\u00f6glichkeiten bietet.[\/vc_custom_heading][vc_custom_heading heading_semantic=&#8221;h6&#8243; text_size=&#8221;h6&#8243; text_weight=&#8221;300&#8243; text_height=&#8221;fontheight-524109&#8243; text_color=&#8221;color-jevc&#8221;]Die Dringlichkeit f\u00fcr die Zukunft ausreichend Ausbildungskapazit\u00e4ten zu schaffen wird offen-kundig, wenn man bedenkt, dass lt. Auskunft der BARMER bis 2030 rund 300.000 Pflegekr\u00e4fte fehlen. Das bedeutet, dass station\u00e4re Pflegepl\u00e4tze in der Bundesrepublik nicht belegt werden k\u00f6nnen, weil die vorgeschriebene Fachkr\u00e4ftequote wegen Personalmangel nicht eingehalten werden kann. Die Bildungszentrum-Gesch\u00e4ftsf\u00fchrerinnen Christina Heinze und Constanze Dulich wissen: &#8220;Die Pflege ist ein Zukunftsberuf, der alle M\u00f6glichkeiten der Qualifizierung bietet. Mit den Azubis werden wir auch den Standort Magdeburg-Neustadt beleben. Unsere Visionen sind, nicht nur eine reine Schule zu sein, sondern ein Ort wo kreatives Leben und Lernen m\u00f6glich ist. Dazu geh\u00f6rt auch eine vielf\u00e4ltige und gesundheitsgerechte Gestaltung des Unterrichts und der Pausen.&#8221;[\/vc_custom_heading][vc_custom_heading heading_semantic=&#8221;h6&#8243; text_size=&#8221;h6&#8243; text_weight=&#8221;300&#8243; text_height=&#8221;fontheight-524109&#8243; text_color=&#8221;color-jevc&#8221;]Das neue Kompetenzzentrum soll auf jeden Fall mehr als nur eine Pflegeschule sein und ein breit gef\u00e4chertes Qualifizierungsangebot f\u00fcr den Gesundheits- und Pflegebereich anbieten. Aus-, Fort- und Weiterbildung werden gleicherma\u00dfen als wichtig erachtet. Der Fokus sollte auf der beruflichen Erstausbildung f\u00fcr die Pflege liegen und neben Schulabg\u00e4nger*innen auch Quereinsteiger*innen sowie Interessent*innen anderer Gesundheitsfachberufe ansprechen.[\/vc_custom_heading][vc_empty_space empty_h=&#8221;1&#8243;][\/vc_column][\/vc_row][vc_row row_height_percent=&#8221;0&#8243; override_padding=&#8221;yes&#8221; h_padding=&#8221;2&#8243; top_padding=&#8221;5&#8243; bottom_padding=&#8221;3&#8243; back_color=&#8221;color-xsdn&#8221; overlay_alpha=&#8221;80&#8243; gutter_size=&#8221;3&#8243; column_width_percent=&#8221;100&#8243; shift_y=&#8221;0&#8243; z_index=&#8221;0&#8243; enable_top_divider=&#8221;default&#8221; top_divider_inv=&#8221;tilt&#8221; shape_top_invert=&#8221;yes&#8221; shape_top_h_use_pixel=&#8221;&#8221; shape_top_height=&#8221;150&#8243; shape_top_color=&#8221;color-lxmt&#8221; shape_top_opacity=&#8221;100&#8243; shape_top_index=&#8221;0&#8243; bottom_divider=&#8221;tilt&#8221;][vc_column column_width_percent=&#8221;100&#8243; position_horizontal=&#8221;left&#8221; position_vertical=&#8221;middle&#8221; gutter_size=&#8221;4&#8243; overlay_alpha=&#8221;50&#8243; shift_x=&#8221;0&#8243; shift_y=&#8221;0&#8243; shift_y_down=&#8221;0&#8243; z_index=&#8221;0&#8243; medium_width=&#8221;0&#8243; mobile_width=&#8221;0&#8243; width=&#8221;1\/1&#8243;][vc_empty_space empty_h=&#8221;1&#8243;][vc_row_inner row_inner_height_percent=&#8221;0&#8243; overlay_alpha=&#8221;50&#8243; equal_height=&#8221;yes&#8221; gutter_size=&#8221;3&#8243; shift_y=&#8221;0&#8243; z_index=&#8221;0&#8243;][vc_column_inner column_width_percent=&#8221;100&#8243; gutter_size=&#8221;3&#8243; overlay_alpha=&#8221;50&#8243; shift_x=&#8221;0&#8243; shift_y=&#8221;0&#8243; shift_y_down=&#8221;0&#8243; z_index=&#8221;0&#8243; medium_width=&#8221;0&#8243; mobile_width=&#8221;0&#8243; width=&#8221;7\/12&#8243; css=&#8221;.vc_custom_1592356088448{padding-right: 10px !important;}&#8221;][vc_custom_heading text_size=&#8221;h4&#8243; text_weight=&#8221;700&#8243; text_transform=&#8221;uppercase&#8221; text_color=&#8221;color-jevc&#8221;]\u00dcber die GETEC Immobilien-Gruppe[\/vc_custom_heading][vc_custom_heading heading_semantic=&#8221;h6&#8243; text_size=&#8221;h6&#8243; text_weight=&#8221;300&#8243; text_height=&#8221;fontheight-524109&#8243; text_color=&#8221;color-jevc&#8221;]Die GETEC Immobilien-Gruppe ist eine familiengef\u00fchrte Unternehmensgruppe mit dem Fokus auf Wohn- und Gewerbeimmobilien insbesondere in den Ballungsr\u00e4umen Hannover, Magdeburg und Berlin\/Potsdam t\u00e4tig. Unsere Gesch\u00e4ftsaktivit\u00e4ten konzentrieren sich u. a. auf den strategischen Aufbau und die Pflege eines nachhaltigen und zukunftstr\u00e4chtigen Bestandsportfolios, die Modernisierung und auch Entwicklung von Objekten und die Weiterver\u00e4u\u00dferung insbesondere aus dem Handelsbestand.[\/vc_custom_heading][\/vc_column_inner][vc_column_inner column_width_percent=&#8221;100&#8243; gutter_size=&#8221;3&#8243; overlay_alpha=&#8221;50&#8243; border_color=&#8221;color-uydo&#8221; border_style=&#8221;solid&#8221; shift_x=&#8221;-2&#8243; shift_y=&#8221;0&#8243; shift_y_down=&#8221;0&#8243; z_index=&#8221;0&#8243; medium_visibility=&#8221;yes&#8221; medium_width=&#8221;0&#8243; mobile_visibility=&#8221;yes&#8221; mobile_width=&#8221;0&#8243; width=&#8221;1\/12&#8243; css=&#8221;.vc_custom_1590709566138{border-right-width: 1px !important;}&#8221;][\/vc_column_inner][vc_column_inner column_width_percent=&#8221;100&#8243; gutter_size=&#8221;3&#8243; overlay_alpha=&#8221;50&#8243; shift_x=&#8221;0&#8243; shift_y=&#8221;0&#8243; shift_y_down=&#8221;0&#8243; z_index=&#8221;0&#8243; medium_width=&#8221;0&#8243; mobile_width=&#8221;0&#8243; width=&#8221;4\/12&#8243;][vc_custom_heading text_size=&#8221;h4&#8243; text_weight=&#8221;700&#8243; text_transform=&#8221;uppercase&#8221; text_color=&#8221;color-jevc&#8221;]Pressekontakt[\/vc_custom_heading][vc_empty_space empty_h=&#8221;1&#8243;][vc_column_text]<\/p>\n<h4><span style=\"color: #727879;\"><strong>GETEC GRUPPE<\/strong><\/span><\/h4>\n<p><strong>Nele Gawinski<\/strong><br \/>\nKonzernentwicklung &amp; -steuerung<br \/>\nTelefon: <span style=\"color: #727879;\"><a style=\"color: #727879;\" href=\"tel:+49121088652\">+49 (0) 511 121088-635<\/a><\/span><br \/>\nE-Mail:\u00a0<span style=\"color: #727879;\"><a style=\"color: #727879;\" href=\"mailto:presse@getec-holding.de\">presse@getec-holding.de <\/a><\/span>[\/vc_column_text][vc_column_text]<\/p>\n<p style=\"text-align: justify;\">Zum Betrachten etwaiger PDF-Files ben\u00f6tigen Sie den kostenfreien Adobe Acrobat-Reader. Sie k\u00f6nnen Sich dieses Programm\u00a0<a href=\"http:\/\/get.adobe.com\/de\/reader\/\" target=\"_blank\" rel=\"noopener noreferrer\">hier herunterladen<\/a>.<\/p>\n<p>[\/vc_column_text][\/vc_column_inner][\/vc_row_inner][vc_row_inner][vc_column_inner column_width_percent=&#8221;100&#8243; position_vertical=&#8221;middle&#8221; align_horizontal=&#8221;align_center&#8221; gutter_size=&#8221;3&#8243; overlay_alpha=&#8221;50&#8243; shift_x=&#8221;0&#8243; shift_y=&#8221;0&#8243; shift_y_down=&#8221;0&#8243; z_index=&#8221;0&#8243; medium_width=&#8221;0&#8243; mobile_width=&#8221;0&#8243; width=&#8221;1\/1&#8243;][uncode_share layout=&#8221;multiple&#8221; bigger=&#8221;yes&#8221; separator=&#8221;yes&#8221;][\/vc_column_inner][\/vc_row_inner][\/vc_column][\/vc_row]<\/p>\n<\/div>","protected":false},"excerpt":{"rendered":"<p>[vc_row row_height_percent=&#8221;0&#8243; overlay_alpha=&#8221;50&#8243; gutter_size=&#8221;3&#8243; column_width_percent=&#8221;100&#8243; shift_y=&#8221;0&#8243; z_index=&#8221;10&#8243; enable_bottom_divider=&#8221;default&#8221; bottom_divider=&#8221;tilt&#8221; shape_bottom_h_use_pixel=&#8221;&#8221; shape_bottom_height=&#8221;150&#8243; shape_bottom_color=&#8221;color-xsdn&#8221; shape_bottom_opacity=&#8221;100&#8243; shape_bottom_index=&#8221;0&#8243; css=&#8221;.vc_custom_1594942214986{margin-top: -150px !important;}&#8221;][vc_column width=&#8221;1\/1&#8243;][\/vc_column][\/vc_row][vc_row row_height_percent=&#8221;0&#8243; back_color=&#8221;color-xsdn&#8221; [&hellip;]<\/p>\n","protected":false},"author":42,"featured_media":86891,"comment_status":"closed","ping_status":"closed","sticky":false,"template":"","format":"standard","meta":{"_relevanssi_hide_post":"","_relevanssi_hide_content":"","_relevanssi_pin_for_all":"","_relevanssi_pin_keywords":"","_relevanssi_unpin_keywords":"","_relevanssi_related_keywords":"","_relevanssi_related_include_ids":"","_relevanssi_related_exclude_ids":"","_relevanssi_related_no_append":"","_relevanssi_related_not_related":"","_relevanssi_related_posts":"","_relevanssi_noindex_reason":"","footnotes":"","_links_to":"","_links_to_target":""},"categories":[77],"tags":[],"class_list":["post-86889","post","type-post","status-publish","format-standard","has-post-thumbnail","hentry","category-news-getec-gruppe"],"_links":{"self":[{"href":"https:\/\/www.getec.de\/en\/wp-json\/wp\/v2\/posts\/86889","targetHints":{"allow":["GET"]}}],"collection":[{"href":"https:\/\/www.getec.de\/en\/wp-json\/wp\/v2\/posts"}],"about":[{"href":"https:\/\/www.getec.de\/en\/wp-json\/wp\/v2\/types\/post"}],"author":[{"embeddable":true,"href":"https:\/\/www.getec.de\/en\/wp-json\/wp\/v2\/users\/42"}],"replies":[{"embeddable":true,"href":"https:\/\/www.getec.de\/en\/wp-json\/wp\/v2\/comments?post=86889"}],"version-history":[{"count":1,"href":"https:\/\/www.getec.de\/en\/wp-json\/wp\/v2\/posts\/86889\/revisions"}],"predecessor-version":[{"id":86890,"href":"https:\/\/www.getec.de\/en\/wp-json\/wp\/v2\/posts\/86889\/revisions\/86890"}],"wp:featuredmedia":[{"embeddable":true,"href":"https:\/\/www.getec.de\/en\/wp-json\/wp\/v2\/media\/86891"}],"wp:attachment":[{"href":"https:\/\/www.getec.de\/en\/wp-json\/wp\/v2\/media?parent=86889"}],"wp:term":[{"taxonomy":"category","embeddable":true,"href":"https:\/\/www.getec.de\/en\/wp-json\/wp\/v2\/categories?post=86889"},{"taxonomy":"post_tag","embeddable":true,"href":"https:\/\/www.getec.de\/en\/wp-json\/wp\/v2\/tags?post=86889"}],"curies":[{"name":"wp","href":"https:\/\/api.w.org\/{rel}","templated":true}]}}